{"id":36332,"date":"2019-08-23T10:31:17","date_gmt":"2019-08-23T08:31:17","guid":{"rendered":"https:\/\/www.messinaoggi.it\/website\/?p=36332"},"modified":"2019-08-23T10:31:17","modified_gmt":"2019-08-23T08:31:17","slug":"detenzione-illecita-di-oggetti-atti-ad-offendere-denunciati-due-giovani-a-giardini","status":"publish","type":"post","link":"https:\/\/www.messinaoggi.it\/website\/2019\/08\/23\/detenzione-illecita-di-oggetti-atti-ad-offendere-denunciati-due-giovani-a-giardini\/","title":{"rendered":"Detenzione illecita di oggetti atti ad offendere: denunciati due giovani a Giardini"},"content":{"rendered":"<p>Sono ritenuti responsabili del reato di detenzione e porto abusivo di armi e oggetti atti ad offendere due giovani originari di Fiumefreddo di Sicilia (nel Catanese), di cui uno minorenne, in quanto mercoled\u00ec scorso sono stati sorpresi a Giardini Naxos con addosso un cacciavite, un lungo bastone di legno e un taglierino.<br \/>\nIn particolare, nel corso del servizio di controllo del territorio, una pattuglia del Nucleo Radiomobile ha incrociato una vettura il cui passeggero, avvedendosi dei militari, si \u00e8 disfatto di un\u2019oggetto lanciandolo dal finestrino. I Carabinieri hanno fermato il mezzo per sottoporre gli occupanti a controllo, recuperando l\u2019oggetto di cui si erano disfatti: un cacciavite di oltre 15 centimetri di lunghezza. L\u2019auto ed i due occupanti sono stati sottoposti a perquisizione personale e veicolare e nel portabagagli del veicolo i militari dell\u2019Arma hanno rinvenuto un bastone di legno lungo quasi un metro ed un taglierino con una lama di quasi 20 centimetri che sono stati sottoposti a sequestro insieme al cacciavite rinvenuto in precedenza.<br \/>\nAl termine degli accertamenti il maggiorenne, poco pi\u00f9 che ventenne, \u00e8 stato deferito in stato di libert\u00e0 alla Procura della Repubblica di Messina, mentre il minore \u00e8 stato segnalato alla Procura presso il Tribunale dei Minori del capoluogo peloritano.<div id=\"div-gpt-ad-Messinaoggi.it-DSK-300x250-corpoart\" style=\"text-align:center;margin:0 auto;\"><\/div><\/p>\n<div id=\"videoincontent\" style=\"clear:both\";><\/div>","protected":false},"excerpt":{"rendered":"<p>Sono ritenuti responsabili del reato di detenzione e porto abusivo di armi e oggetti atti ad offendere due giovani originari di Fiumefreddo di Sicilia (nel Catanese), di cui uno minorenne, in quanto mercoled\u00ec scorso sono stati sorpresi a Giardini Naxos con addosso un cacciavite, un lungo bastone di legno e un taglierino. In particolare, nel [&hellip;]<\/p>\n","protected":false},"author":8,"featured_media":36333,"comment_status":"closed","ping_status":"open","sticky":false,"template":"","format":"standard","meta":{"ub_ctt_via":"","_mi_skip_tracking":false},"categories":[13,15],"tags":[],"featured_image_src":"https:\/\/www.messinaoggi.it\/website\/wp-content\/uploads\/2019\/08\/CC-carabinieri-controlli-Giardini-Naxos.jpg","author_info":{"display_name":"red..me","author_link":"https:\/\/www.messinaoggi.it\/website\/author\/redstage\/"},"digistream_id":0,"digistream":false,"_links":{"self":[{"href":"https:\/\/www.messinaoggi.it\/website\/wp-json\/wp\/v2\/posts\/36332"}],"collection":[{"href":"https:\/\/www.messinaoggi.it\/website\/wp-json\/wp\/v2\/posts"}],"about":[{"href":"https:\/\/www.messinaoggi.it\/website\/wp-json\/wp\/v2\/types\/post"}],"author":[{"embeddable":true,"href":"https:\/\/www.messinaoggi.it\/website\/wp-json\/wp\/v2\/users\/8"}],"replies":[{"embeddable":true,"href":"https:\/\/www.messinaoggi.it\/website\/wp-json\/wp\/v2\/comments?post=36332"}],"version-history":[{"count":0,"href":"https:\/\/www.messinaoggi.it\/website\/wp-json\/wp\/v2\/posts\/36332\/revisions"}],"wp:featuredmedia":[{"embeddable":true,"href":"https:\/\/www.messinaoggi.it\/website\/wp-json\/wp\/v2\/media\/36333"}],"wp:attachment":[{"href":"https:\/\/www.messinaoggi.it\/website\/wp-json\/wp\/v2\/media?parent=36332"}],"wp:term":[{"taxonomy":"category","embeddable":true,"href":"https:\/\/www.messinaoggi.it\/website\/wp-json\/wp\/v2\/categories?post=36332"},{"taxonomy":"post_tag","embeddable":true,"href":"https:\/\/www.messinaoggi.it\/website\/wp-json\/wp\/v2\/tags?post=36332"}],"curies":[{"name":"wp","href":"https:\/\/api.w.org\/{rel}","templated":true}]}}