{"id":3618,"date":"2017-06-28T22:02:57","date_gmt":"2017-06-28T20:02:57","guid":{"rendered":"http:\/\/www.messinaoggi.it\/website\/?p=3618"},"modified":"2017-06-28T22:02:57","modified_gmt":"2017-06-28T20:02:57","slug":"il-citta-di-messina-saluta-peppe-amante-per-lui-proposta-dal-gescal","status":"publish","type":"post","link":"https:\/\/www.messinaoggi.it\/website\/2017\/06\/28\/il-citta-di-messina-saluta-peppe-amante-per-lui-proposta-dal-gescal\/","title":{"rendered":"Il Citt\u00e0 di Messina saluta Peppe Amante: per lui proposta dal Gescal"},"content":{"rendered":"<div id=\"attachment_3622\" style=\"width: 310px\" class=\"wp-caption alignleft\"><img aria-describedby=\"caption-attachment-3622\" loading=\"lazy\" class=\"size-medium wp-image-3622\" src=\"http:\/\/www.messinaoggi.it\/website\/wp-content\/uploads\/2017\/06\/Amante-Giuseppe-2--300x259.jpg\" alt=\"\" width=\"300\" height=\"259\" \/><p id=\"caption-attachment-3622\" class=\"wp-caption-text\">Amante ai tempi del Villafranca nel 2010\/11 (Foto Roberto Santoro)<\/p><\/div>\n<p style=\"text-align: justify\">S&#8217;interrompe, dopo una sola stagione di convivenza, il rapporto tra il <strong>Citt\u00e0 di Messina<\/strong>\u00a0neopromosso in Eccellenza e <strong>Peppe Amante<\/strong>. A renderlo noto \u00e8 lo stesso attaccante, che annuncia di essere sul mercato, al termine di un colloquio con il direttore generale Giovanni Cardullo, dal quale ha appreso di non rientrare nei piani tecnici per la prossima stagione<em>. &#8220;Ringrazio la dirigenza per la bella esperienza culminata con il salto di categoria<\/em> &#8211;\u00a0dichiara Amante &#8211;<em>. Pur rimanendo comunque il primo\u00a0 tifoso del Citt\u00e0 del Messina, mi sto guardando attorno per decidere il mio futuro in cerca di una nuova destinazione calcistica&#8221;.<\/em><div id=\"div-gpt-ad-Messinaoggi.it-DSK-300x250-corpoart\" style=\"text-align:center;margin:0 auto;\"><\/div><\/p>\n<p style=\"text-align: justify\">Dopo un avvio promettente, Amante ha dovuto fare i conti con un problema all&#8217;adduttore che ne ha condizionato la seconda parte di stagione. Ci\u00f2 malgrado \u00e8 riuscito a realizzare 10 reti personali, di cui 6 in campionato (25 le presenze) e quattro in Coppa Italia di categoria. Un contributo\u00a0non da poco considerando le\u00a0sue vicissitudini.\u00a0&#8220;<em>Queste noie fisiche mi hanno impedito di dare il meglio, ma adesso sto bene e non vedo l&#8217;ora di ripartire con entusiasmo&#8221;.<\/em><div id=\"videoincontent\" style=\"clear:both\";><\/div><\/p>\n<p style=\"text-align: justify\">Lo &#8220;squalo&#8221;, 30 anni da compiere il prossimo 6 dicembre, in procinto di ottenere lo svincolo dal Citt\u00e0 di Messina, ha gi\u00e0 ricevuto qualche offerta la pi\u00f9 seria delle quali sembra\u00a0quella dell&#8217;ambizioso Gescal, formazione cittadina di Promozione. Se ne sapr\u00e0 di pi\u00f9 nelle prossime settimane.<\/p>\n<p><strong>La carriera<\/strong><br \/>\n<strong>GIUSEPPE AMANTE<\/strong> nato a Messina il 6\/12\/1987<br \/>\nRuolo: attaccante<br \/>\nAlto 1,87 peso kg. 75<\/p>\n<table>\n<tbody>\n<tr>\n<td width=\"130\">STAGIONE<\/td>\n<td width=\"130\">SOCIETA&#8217;<\/td>\n<td width=\"130\">CAMPIONATO<\/td>\n<td width=\"130\">PRESENZE<\/td>\n<td width=\"130\">RETI<\/td>\n<\/tr>\n<tr>\n<td width=\"130\">2003\/04<\/td>\n<td width=\"130\">Uragano Cep<\/td>\n<td width=\"130\">Prima Categoria<\/td>\n<td width=\"130\">14<\/td>\n<td width=\"130\">9<\/td>\n<\/tr>\n<tr>\n<td width=\"130\">2004\/05<\/td>\n<td width=\"130\">Uragano Cep<\/td>\n<td width=\"130\">Prima Categoria<\/td>\n<td width=\"130\">11<\/td>\n<td width=\"130\">14<\/td>\n<\/tr>\n<tr>\n<td width=\"130\">2005\/06<\/td>\n<td width=\"130\">Saponara<\/td>\n<td width=\"130\">Prima Categoria<\/td>\n<td width=\"130\">25<\/td>\n<td width=\"130\">12<\/td>\n<\/tr>\n<tr>\n<td width=\"130\">2006\/07<\/td>\n<td width=\"130\">Saponara<\/td>\n<td width=\"130\">Prima Categoria<\/td>\n<td width=\"130\">23<\/td>\n<td width=\"130\">18<\/td>\n<\/tr>\n<tr>\n<td width=\"130\">2007\/08<\/td>\n<td width=\"130\">Saponara<\/td>\n<td width=\"130\">Prima Categoria<\/td>\n<td width=\"130\">14<\/td>\n<td width=\"130\">8<\/td>\n<\/tr>\n<tr>\n<td width=\"130\">Dic.2007<\/td>\n<td width=\"130\">Giustra<\/td>\n<td width=\"130\">Prima Categoria<\/td>\n<td width=\"130\">11<\/td>\n<td width=\"130\">13<\/td>\n<\/tr>\n<tr>\n<td width=\"130\">2008\/09<\/td>\n<td width=\"130\">Taormina<\/td>\n<td width=\"130\">Promozione<\/td>\n<td width=\"130\">5<\/td>\n<td width=\"130\">1<\/td>\n<\/tr>\n<tr>\n<td width=\"130\">Dic.2008<\/td>\n<td width=\"130\">Real Giustra<\/td>\n<td width=\"130\">Prima Categoria<\/td>\n<td width=\"130\">13<\/td>\n<td width=\"130\">16<\/td>\n<\/tr>\n<tr>\n<td width=\"130\">2009\/10<\/td>\n<td width=\"130\">Roccalumera<\/td>\n<td width=\"130\">Prima Categoria<\/td>\n<td width=\"130\">8<\/td>\n<td width=\"130\">5<\/td>\n<\/tr>\n<tr>\n<td width=\"130\">Dic.2009<\/td>\n<td width=\"130\">Itala<\/td>\n<td width=\"130\">Prima Categoria<\/td>\n<td width=\"130\">16<\/td>\n<td width=\"130\">23<\/td>\n<\/tr>\n<tr>\n<td width=\"130\">2010\/11<\/td>\n<td width=\"130\">Villafranca<\/td>\n<td width=\"130\">Promozione<\/td>\n<td width=\"130\">13<\/td>\n<td width=\"130\">3<\/td>\n<\/tr>\n<tr>\n<td width=\"130\">2011\/12<\/td>\n<td width=\"130\">Pistunina<\/td>\n<td width=\"130\">Promozione<\/td>\n<td width=\"130\">25<\/td>\n<td width=\"130\">24<\/td>\n<\/tr>\n<tr>\n<td width=\"130\">2012\/13<\/td>\n<td width=\"130\">Pistunina<\/td>\n<td width=\"130\">Promozione+Coppa<\/td>\n<td width=\"130\">2<\/td>\n<td width=\"130\">1<\/td>\n<\/tr>\n<tr>\n<td width=\"130\">Sett.2012<\/td>\n<td width=\"130\">Igea Virtus<\/td>\n<td width=\"130\">Promozione<\/td>\n<td width=\"130\">15<\/td>\n<td width=\"130\">7<\/td>\n<\/tr>\n<tr>\n<td width=\"130\">Dic.2012<\/td>\n<td width=\"130\">Sporting Taormina<\/td>\n<td width=\"130\">Prima Categoria<\/td>\n<td width=\"130\">12<\/td>\n<td width=\"130\">7<\/td>\n<\/tr>\n<tr>\n<td width=\"130\">2013\/14<\/td>\n<td width=\"130\">Pistunina<\/td>\n<td width=\"130\">Promozione+Coppa<\/td>\n<td width=\"130\">3 (1+2)<\/td>\n<td width=\"130\">1<\/td>\n<\/tr>\n<tr>\n<td width=\"130\">Sett.2013<\/td>\n<td width=\"130\">Sporting Viagrande<\/td>\n<td width=\"130\">Eccellenza<\/td>\n<td width=\"130\">20<\/td>\n<td width=\"130\">10<\/td>\n<\/tr>\n<tr>\n<td width=\"130\">2014\/15<\/td>\n<td width=\"130\">Sportinng Taormina<\/td>\n<td width=\"130\">Promozione<\/td>\n<td width=\"130\">15<\/td>\n<td width=\"130\">10<\/td>\n<\/tr>\n<tr>\n<td width=\"130\">2015\/16<\/td>\n<td width=\"130\">Jonica<\/td>\n<td width=\"130\">Promozione<\/td>\n<td width=\"130\">22<\/td>\n<td width=\"130\">11<\/td>\n<\/tr>\n<tr>\n<td width=\"130\">2016\/17<\/td>\n<td width=\"130\">Citt\u00e0 di Messina<\/td>\n<td width=\"130\">Promozione+Coppa<\/td>\n<td width=\"130\">25<\/td>\n<td width=\"130\">6 (+4)=10<\/td>\n<\/tr>\n<\/tbody>\n<\/table>\n","protected":false},"excerpt":{"rendered":"<p>S&#8217;interrompe, dopo una sola stagione di convivenza, il rapporto tra il Citt\u00e0 di Messina\u00a0neopromosso in Eccellenza e Peppe Amante. A renderlo noto \u00e8 lo stesso attaccante, che annuncia di essere sul mercato, al termine di un colloquio con il direttore generale Giovanni Cardullo, dal quale ha appreso di non rientrare nei piani tecnici per la [&hellip;]<\/p>\n","protected":false},"author":9,"featured_media":3619,"comment_status":"closed","ping_status":"open","sticky":false,"template":"","format":"standard","meta":{"ub_ctt_via":"","_mi_skip_tracking":false},"categories":[10,9],"tags":[],"featured_image_src":"https:\/\/www.messinaoggi.it\/website\/wp-content\/uploads\/2017\/06\/amante-2.png","author_info":{"display_name":"Roberto Santoro","author_link":"https:\/\/www.messinaoggi.it\/website\/author\/r-santoro\/"},"digistream_id":0,"digistream":false,"_links":{"self":[{"href":"https:\/\/www.messinaoggi.it\/website\/wp-json\/wp\/v2\/posts\/3618"}],"collection":[{"href":"https:\/\/www.messinaoggi.it\/website\/wp-json\/wp\/v2\/posts"}],"about":[{"href":"https:\/\/www.messinaoggi.it\/website\/wp-json\/wp\/v2\/types\/post"}],"author":[{"embeddable":true,"href":"https:\/\/www.messinaoggi.it\/website\/wp-json\/wp\/v2\/users\/9"}],"replies":[{"embeddable":true,"href":"https:\/\/www.messinaoggi.it\/website\/wp-json\/wp\/v2\/comments?post=3618"}],"version-history":[{"count":0,"href":"https:\/\/www.messinaoggi.it\/website\/wp-json\/wp\/v2\/posts\/3618\/revisions"}],"wp:featuredmedia":[{"embeddable":true,"href":"https:\/\/www.messinaoggi.it\/website\/wp-json\/wp\/v2\/media\/3619"}],"wp:attachment":[{"href":"https:\/\/www.messinaoggi.it\/website\/wp-json\/wp\/v2\/media?parent=3618"}],"wp:term":[{"taxonomy":"category","embeddable":true,"href":"https:\/\/www.messinaoggi.it\/website\/wp-json\/wp\/v2\/categories?post=3618"},{"taxonomy":"post_tag","embeddable":true,"href":"https:\/\/www.messinaoggi.it\/website\/wp-json\/wp\/v2\/tags?post=3618"}],"curies":[{"name":"wp","href":"https:\/\/api.w.org\/{rel}","templated":true}]}}