{"id":36153,"date":"2019-08-17T12:53:56","date_gmt":"2019-08-17T10:53:56","guid":{"rendered":"https:\/\/www.messinaoggi.it\/website\/?p=36153"},"modified":"2019-08-17T12:53:56","modified_gmt":"2019-08-17T10:53:56","slug":"giardini-intitolera-una-strada-al-leggendario-felice-gimondi","status":"publish","type":"post","link":"https:\/\/www.messinaoggi.it\/website\/2019\/08\/17\/giardini-intitolera-una-strada-al-leggendario-felice-gimondi\/","title":{"rendered":"Giardini intitoler\u00e0 una strada al leggendario Felice Gimondi"},"content":{"rendered":"<p>Il suo cuore potente che lo ha portato a vincere di tutto lo ha tradito nel momento pi\u00f9 inaspettato, ovvero in vacanza con la famiglia. Se n&#8217;\u00e8 andato cos\u00ec Felice Gimondi, colto da malore mentre faceva il bagno nelle acque di Giardini, dove era in vacanza insieme alla famiglia. Inutili tutti i tentativi di intervento. Gimondi, che avrebbe compiuto 77 anni il 29 settembre, era sofferente di cuore e secondo i soccorritori sarebbe rimasto vittima di un infarto. La salma \u00e8 stata trasferita all&#8217;obitorio dell&#8217;ospedale &#8220;San Vincenzo&#8221; di Taormina.<br \/>\nGimondi era simbolo di un&#8217;Italia felice, che ora appare ancora pi\u00f9 vuota e lontana. Felice Gimondi, un monumento dello sport italiano, ha scelto l&#8217;estate per andarsene, la stagione del Tour de France, uno dei grandi giri che ha conquistato nella sua lunga e straordinaria carriera.<div id=\"div-gpt-ad-Messinaoggi.it-DSK-300x250-corpoart\" style=\"text-align:center;margin:0 auto;\"><\/div><\/p>\n<p class=\"western\">Il cuore, che insieme a due gambe d&#8217;acciaio lo aveva spinto spesso oltre i limiti, facendogli toccare tra il 1965 e il 1979 tutte le vette della gloria sportiva in un palmares unico, che comprende tra l&#8217;altro tre Giri d&#8217;Italia, un Tour de France, una Vuelta, un Mondiale, una Roubaix, una Sanremo e due Giri di Lombardia.<div id=\"videoincontent\" style=\"clear:both\";><\/div><\/p>\n<p class=\"western\">Vittorie ma anche sconfitte, in una stagione d&#8217;oro del ciclismo che viveva su grandi rivalit\u00e0. In Italia, i suoi &#8216;nemici&#8217; erano Vittorio Adorni (classe &#8217;37) e Gianni Motta (&#8217;43) ma sulla sua strada si trov\u00f2 troppe volte davanti il &#8216;Cannibale&#8217;, Eddy Merckx. &#8220;Stavolta perdo io&#8221;. \u00e8 il commento a caldo del campionissimo belga, che si dice distrutto. &#8220;Perdo prima di tutto un amico e poi l&#8217;avversario di una vita. Abbiamo gareggiato per anni sulle strade l&#8217;un contro l&#8217;altro, siamo diventati amici a fine carriera. L&#8217;avevo sentito due settimane fa, come capitava ogni tanto&#8221;.<\/p>\n<p class=\"western\">Un campione vero che amava la Sicilia e che stimava Vincenzo Nibali. Il Giro d&#8217;Italia torna in Sicilia nel 2020, sar\u00e0 doveroso ricordarlo. La Giunta comunale di Giardini Naxos, capeggiata dal sindaco Nello Lo Turco, sta prediponendo tutti gli atti per intitolare una via a Felice Gimondi.<\/p>\n","protected":false},"excerpt":{"rendered":"<p>Il suo cuore potente che lo ha portato a vincere di tutto lo ha tradito nel momento pi\u00f9 inaspettato, ovvero in vacanza con la famiglia. Se n&#8217;\u00e8 andato cos\u00ec Felice Gimondi, colto da malore mentre faceva il bagno nelle acque di Giardini, dove era in vacanza insieme alla famiglia. Inutili tutti i tentativi di intervento. [&hellip;]<\/p>\n","protected":false},"author":4,"featured_media":36154,"comment_status":"closed","ping_status":"open","sticky":false,"template":"","format":"standard","meta":{"ub_ctt_via":"","_mi_skip_tracking":false},"categories":[13,15],"tags":[],"featured_image_src":"https:\/\/www.messinaoggi.it\/website\/wp-content\/uploads\/2019\/08\/gimondi-felice.jpg","author_info":{"display_name":"redme","author_link":"https:\/\/www.messinaoggi.it\/website\/author\/redme\/"},"digistream_id":0,"digistream":false,"_links":{"self":[{"href":"https:\/\/www.messinaoggi.it\/website\/wp-json\/wp\/v2\/posts\/36153"}],"collection":[{"href":"https:\/\/www.messinaoggi.it\/website\/wp-json\/wp\/v2\/posts"}],"about":[{"href":"https:\/\/www.messinaoggi.it\/website\/wp-json\/wp\/v2\/types\/post"}],"author":[{"embeddable":true,"href":"https:\/\/www.messinaoggi.it\/website\/wp-json\/wp\/v2\/users\/4"}],"replies":[{"embeddable":true,"href":"https:\/\/www.messinaoggi.it\/website\/wp-json\/wp\/v2\/comments?post=36153"}],"version-history":[{"count":0,"href":"https:\/\/www.messinaoggi.it\/website\/wp-json\/wp\/v2\/posts\/36153\/revisions"}],"wp:featuredmedia":[{"embeddable":true,"href":"https:\/\/www.messinaoggi.it\/website\/wp-json\/wp\/v2\/media\/36154"}],"wp:attachment":[{"href":"https:\/\/www.messinaoggi.it\/website\/wp-json\/wp\/v2\/media?parent=36153"}],"wp:term":[{"taxonomy":"category","embeddable":true,"href":"https:\/\/www.messinaoggi.it\/website\/wp-json\/wp\/v2\/categories?post=36153"},{"taxonomy":"post_tag","embeddable":true,"href":"https:\/\/www.messinaoggi.it\/website\/wp-json\/wp\/v2\/tags?post=36153"}],"curies":[{"name":"wp","href":"https:\/\/api.w.org\/{rel}","templated":true}]}}