{"id":36143,"date":"2019-08-17T11:51:22","date_gmt":"2019-08-17T09:51:22","guid":{"rendered":"https:\/\/www.messinaoggi.it\/website\/?p=36143"},"modified":"2019-08-17T11:51:22","modified_gmt":"2019-08-17T09:51:22","slug":"gestione-rifiuti-uiltrasporti-e-fp-cgil-de-luca-prosegue-con-la-privatizzazione","status":"publish","type":"post","link":"https:\/\/www.messinaoggi.it\/website\/2019\/08\/17\/gestione-rifiuti-uiltrasporti-e-fp-cgil-de-luca-prosegue-con-la-privatizzazione\/","title":{"rendered":"Gestione rifiuti, Uiltrasporti e Fp Cgil: &quot;De Luca prosegue con la privatizzazione&quot;"},"content":{"rendered":"<p>\u201c<em>Nel silenzio pi\u00f9 assoluto, si continua\u00a0dritto verso la privatizzazione del sistema rifiuti a Messina: mentre si spacchettano servizi e si fanno le prove generali di affidamento a ditte esterne, \u00e8 chiaro infatti che l\u2019obiettivo dell&#8217;Amministrazione resta sempre quello dello smantellamento della MessinaServizi Bene Comune e dell\u2019esternalizzazione ai privati<\/em>\u201d. Cos\u00ec Michele Barresi e Francesco Fucile, rispettivamente segretario generale di Uiltrasporti e Fp Cgil, rilanciando l\u2019allarme circa la possibile privatizzazione del sistema di gestione dei rifiuti a Messina, dopo l\u2019ultima nota inviata dal Dipartimento regionale dell\u2019Acqua e dei rifiuti al Comune di Messina sulla possibilit\u00e0 di procedere a gara d\u2019appalto per assegnare il servizio rifiuti in citt\u00e0. Per questo motivo, Uiltrasporti e Fp Cgil chiedono alle forze politiche e sociali di non abbassare la guardia di fronte a uno scenario di questo tipo.<br \/>\n\u201c<em>Questo parere che il Comune ha evidentemente richiesto al Dipartimento regionale, <\/em>&#8211; proseguono i sindacalisti &#8211;<em> dimostra con forza che a Palazzo Zanca l\u2019amministrazione De Luca non ha mai smesso di lavorare per andare verso la liquidazione di una societ\u00e0 nuova e sana, come la MessinaServizi Bene Comune, su cui evidentemente si sta solo facendo finta di scommettere.\u00a0Di fatto il Comune ha chiesto alla Regione di poter rientrare nella gara unica d\u2019appalto gi\u00e0 bandita dalla Srr Messina Area Metropolitana, in modo da poter esternalizzare il servizio. Il Dipartimento ha risposto che il Comune di Messina non potr\u00e0 partecipare a quella gara unica, ma la Srr potr\u00e0 bandire una gara singola proprio per Messina. Sempre il Dipartimento ricorda per\u00f2 che sono ancora in corso le verifiche sull\u2019applicazione della Legge Madia su MessinaServizi, dopo il fallimento di Messinambiente<\/em>\u201d.<br \/>\n\u201c<em>Era stato il consiglio comunale a chiedere, con un voto in aula all\u2019unanimit\u00e0, un parere al Consiglio di giustizia amministrativa sull\u2019effettivo obbligo per il Comune di Messina di dover affidare ai privati il servizio di gestione dei rifiuti dopo il fallimento di Messinambiente. Sono per\u00f2 trascorsi 7 mesi e ad oggi non vi \u00e8 traccia.\u00a0In compenso, per\u00f2,<\/em> &#8211; evidenziano Barresi e Fucile &#8211; <em>si procede verso quello che per il sindaco De Luca \u00e8 da sempre stato l\u2019obiettivo finale: dare i rifiuti ai privati.<\/em><br \/>\n\u201c<em>Campanello d&#8217;allarme sono gi\u00e0 i vari affidamenti che sono stati effettuati in questi mesi: infatti, MessinaServizi ha dato &#8220;temporaneamente&#8221; a societ\u00e0 esterne servizi come scerbatura, raccolta degli ingombranti e pulizia delle spiagge. Anche se l&#8217;Amministrazione comunale sminuisce, \u00e8 palese che sono le prove generali dello \u201cspezzatino\u201d che il sindaco De Luca ha deciso di mettere in tavola. Motivando la necessit\u00e0 di appoggiarsi all\u2019esterno con carenze di personale e svariate difficolt\u00e0 aziendali, non fa altro che preparare il terreno al momento in cui decider\u00e0 di consegnare tutto il comparto rifiuti ai privati<\/em>\u201d.<div id=\"div-gpt-ad-Messinaoggi.it-DSK-300x250-corpoart\" style=\"text-align:center;margin:0 auto;\"><\/div><\/p>\n<div id=\"videoincontent\" style=\"clear:both\";><\/div>","protected":false},"excerpt":{"rendered":"<p>\u201cNel silenzio pi\u00f9 assoluto, si continua\u00a0dritto verso la privatizzazione del sistema rifiuti a Messina: mentre si spacchettano servizi e si fanno le prove generali di affidamento a ditte esterne, \u00e8 chiaro infatti che l\u2019obiettivo dell&#8217;Amministrazione resta sempre quello dello smantellamento della MessinaServizi Bene Comune e dell\u2019esternalizzazione ai privati\u201d. Cos\u00ec Michele Barresi e Francesco Fucile, rispettivamente [&hellip;]<\/p>\n","protected":false},"author":8,"featured_media":1343,"comment_status":"closed","ping_status":"open","sticky":false,"template":"","format":"standard","meta":{"ub_ctt_via":"","_mi_skip_tracking":false},"categories":[4],"tags":[],"featured_image_src":"https:\/\/www.messinaoggi.it\/website\/wp-content\/uploads\/2017\/06\/netturbini-messinambiente-2.jpg","author_info":{"display_name":"red..me","author_link":"https:\/\/www.messinaoggi.it\/website\/author\/redstage\/"},"digistream_id":0,"digistream":false,"_links":{"self":[{"href":"https:\/\/www.messinaoggi.it\/website\/wp-json\/wp\/v2\/posts\/36143"}],"collection":[{"href":"https:\/\/www.messinaoggi.it\/website\/wp-json\/wp\/v2\/posts"}],"about":[{"href":"https:\/\/www.messinaoggi.it\/website\/wp-json\/wp\/v2\/types\/post"}],"author":[{"embeddable":true,"href":"https:\/\/www.messinaoggi.it\/website\/wp-json\/wp\/v2\/users\/8"}],"replies":[{"embeddable":true,"href":"https:\/\/www.messinaoggi.it\/website\/wp-json\/wp\/v2\/comments?post=36143"}],"version-history":[{"count":0,"href":"https:\/\/www.messinaoggi.it\/website\/wp-json\/wp\/v2\/posts\/36143\/revisions"}],"wp:featuredmedia":[{"embeddable":true,"href":"https:\/\/www.messinaoggi.it\/website\/wp-json\/wp\/v2\/media\/1343"}],"wp:attachment":[{"href":"https:\/\/www.messinaoggi.it\/website\/wp-json\/wp\/v2\/media?parent=36143"}],"wp:term":[{"taxonomy":"category","embeddable":true,"href":"https:\/\/www.messinaoggi.it\/website\/wp-json\/wp\/v2\/categories?post=36143"},{"taxonomy":"post_tag","embeddable":true,"href":"https:\/\/www.messinaoggi.it\/website\/wp-json\/wp\/v2\/tags?post=36143"}],"curies":[{"name":"wp","href":"https:\/\/api.w.org\/{rel}","templated":true}]}}