{"id":36136,"date":"2019-08-17T10:58:43","date_gmt":"2019-08-17T08:58:43","guid":{"rendered":"https:\/\/www.messinaoggi.it\/website\/?p=36136"},"modified":"2019-08-17T10:58:43","modified_gmt":"2019-08-17T08:58:43","slug":"sgombero-clochard-la-giunta-incontra-le-parti-sociali","status":"publish","type":"post","link":"https:\/\/www.messinaoggi.it\/website\/2019\/08\/17\/sgombero-clochard-la-giunta-incontra-le-parti-sociali\/","title":{"rendered":"Sgombero clochard, la giunta incontra le parti sociali"},"content":{"rendered":"<p style=\"text-align: justify\">Arriva una prima intesa tra Amministrazione comunale e parti sociali per trovare delle soluzioni a tutela dei senzatetto e del decoro urbano. Nei giorni scorsi infatti l\u2019Amministrazione comunale ha dato vita a un controverso spettacolo al Palacultura, durante il quale diversi clochard accampati al suo interno sono stati buttati fuori in malo modo. Le modalit\u00e0 attraverso cui \u00e8 stato realizzato lo sgombero hanno suscitato immediatamente numerose polemiche. Infatti, le operazioni sono state trasmesse in diretta Facebook sulla pagina del sindaco Cateno De Luca, in barba a qualunque principio di tutela della privacy dei soggetti colpiti dallo sgombero.<div id=\"div-gpt-ad-Messinaoggi.it-DSK-300x250-corpoart\" style=\"text-align:center;margin:0 auto;\"><\/div><\/p>\n<blockquote class=\"wp-embedded-content\" data-secret=\"755NKBf4dZ\"><p><a href=\"https:\/\/www.messinaoggi.it\/website\/2019\/08\/13\/sgombero-show-di-de-luca-clochard-cacciati\/\">Sgombero-show di De Luca, clochard cacciati<\/a><div id=\"videoincontent\" style=\"clear:both\";><\/div><\/p><\/blockquote>\n<p><iframe class=\"wp-embedded-content\" sandbox=\"allow-scripts\" security=\"restricted\" style=\"position: absolute; clip: rect(1px, 1px, 1px, 1px);\" title=\"&#8220;Sgombero-show di De Luca, clochard cacciati&#8221; &#8212; Messina Oggi\" src=\"https:\/\/www.messinaoggi.it\/website\/2019\/08\/13\/sgombero-show-di-de-luca-clochard-cacciati\/embed\/#?secret=755NKBf4dZ\" data-secret=\"755NKBf4dZ\" width=\"500\" height=\"282\" frameborder=\"0\" marginwidth=\"0\" marginheight=\"0\" scrolling=\"no\"><\/iframe><\/p>\n<p style=\"text-align: justify\">Pi\u00f9 in generale, a destare preoccupazione alle parti sociali \u00e8 il destino dei senzatetto presenti sul territorio della citt\u00e0. Infatti, al di l\u00e0 dei modi adottati, lo sgombero \u00e8 stato seguito per dare attuazione alla recente ordinanza sindacale approvata da De Luca, che prevede un duro giro di vite nei confronti di chi, direttamente o indirettamente, si render\u00e0 responsabile di intaccare il decoro urbano.<\/p>\n<p style=\"text-align: justify\">Ieri si \u00e8 tenuto un apposito incontro nella Sala Giunta del Comune, a cui hanno partecipato diversi componenti della giunta comunale, e in particolare il vicesindaco Salvatore Mondello e gli assessori alle Politiche sociali e alla Polizia municipale, rispettivamente Alessandra Calafiore e Dafne Musolino, oltre che Pietro Saitta e Giuliana San\u00f2 dell\u2019Universit\u00e0 di Messina, la Comunit\u00e0 di Sant\u2019Egidio e i rappresentanti della comunit\u00e0 africana. Durante la riunione le associazioni hanno dimostrato piena disponibilit\u00e0 a collaborare con l\u2019Amministrazione comunale. L\u2019obiettivo \u00e8 quello di trovare una sintesi tra le due parti chiamate in causa, da un lato la giunta De Luca che mira a ripristinare il decoro urbano e dall\u2019altro quelle associazioni che puntano a trovare una soluzione a tutela dei clochard. Toccato anche il punto relativo alle risorse economiche da destinare al dossier senzatetto, che saranno quelle gi\u00e0 illustrate in occasione dell\u2019ultimo Consiglio territoriale dell\u2019immigrazione che si \u00e8 tenuto in prefettura. Messa in evidenza altres\u00ec la necessit\u00e0 di trovare un\u2019ulteriore struttura nella quale ospitare i clochard. Infine, si \u00e8 dato l\u2019ok alla realizzazione di un censimento dei senzatetto volto a verificare se in citt\u00e0 ve ne siano soltanto 80, cos\u00ec come attualmente stimato, o ben di pi\u00f9.<\/p>\n<p style=\"text-align: justify\">In ogni caso l&#8217;Amministrazione comunale non ha alcuna intenzione di modificare, se non addirittura eliminare, la succitata ordinanza sindacale. Infatti, pur mostrandosi disponibile a collaborare per trovare delle soluzioni a tutela dei clochard, ha messo in evidenza che il contenuto dell&#8217;atto normativo non verr\u00e0 in alcun modo cambiato: \u201cL\u2019Amministrazione comunale si dichiara pronta a fare la propria parte, ma ribadisce con fermezza la propria linea per il ripristino del decoro urbano e per garantire la sicurezza urbana. &#8211; spiegano il vicesindaco e gli assessori presenti all&#8217;incontro &#8211; Alla richiesta della comunit\u00e0 africana di revocare l\u2019ordinanza sindacale oppure di modificarla alleggerendola o, peggio ancora, disapplicandola nei fatti, l\u2019Amministrazione comunale ha risposto esplicitamente con un diniego e con la conferma di agire a tutela dell\u2019intera collettivit\u00e0, troppo spesso esposta a forme di questua esperite con modi minacciosi, che espongono a pericoli donne, anziani e bambini\u201d.<\/p>\n<p style=\"text-align: justify\">\u201cA chi accusa l\u2019Amministrazione comunale di ispirarsi al modello Salvini \u2013 dichiara al riguardo il sindaco De Luca \u2013 opponiamo la concretezza della nostra azione, che non si limita a vuoti proclami o a mere dichiarazioni clamorose, ma al contrario mette in campo le proprie risorse, per realizzare un programma noto, gi\u00e0 esposto in campagna elettorale, che prevede il ripristino della legalit\u00e0 e nel fermo contrasto di ogni forma di abuso che attenti al decoro ed alla sicurezza urbana. Il pugno duro noi lo mostriamo ed usiamo nei confronti di tutti, a prescindere dal colore della pelle e dalla nazionalit\u00e0. Lavoriamo per difendere il territorio e valorizzarlo. Su questo punto non si transige, anche con metodi eclatanti per richiamare l\u2019attenzione su situazioni che ormai erano tollerate da troppo tempo. Le norme ci sono, e dunque vogliamo che vengano applicate e occorre farle rispettare\u201d.<\/p>\n<p style=\"text-align: right\"><strong>Paolo Mustica<\/strong><\/p>\n","protected":false},"excerpt":{"rendered":"<p>Arriva una prima intesa tra Amministrazione comunale e parti sociali per trovare delle soluzioni a tutela dei senzatetto e del decoro urbano. Nei giorni scorsi infatti l\u2019Amministrazione comunale ha dato vita a un controverso spettacolo al Palacultura, durante il quale diversi clochard accampati al suo interno sono stati buttati fuori in malo modo. Le modalit\u00e0 [&hellip;]<\/p>\n","protected":false},"author":8,"featured_media":33613,"comment_status":"closed","ping_status":"open","sticky":false,"template":"","format":"standard","meta":{"ub_ctt_via":"","_mi_skip_tracking":false},"categories":[4],"tags":[],"featured_image_src":"https:\/\/www.messinaoggi.it\/website\/wp-content\/uploads\/2019\/06\/8D23C2E4-DE30-44F1-B1FE-05C48E9F7F14.jpeg","author_info":{"display_name":"red..me","author_link":"https:\/\/www.messinaoggi.it\/website\/author\/redstage\/"},"digistream_id":0,"digistream":false,"_links":{"self":[{"href":"https:\/\/www.messinaoggi.it\/website\/wp-json\/wp\/v2\/posts\/36136"}],"collection":[{"href":"https:\/\/www.messinaoggi.it\/website\/wp-json\/wp\/v2\/posts"}],"about":[{"href":"https:\/\/www.messinaoggi.it\/website\/wp-json\/wp\/v2\/types\/post"}],"author":[{"embeddable":true,"href":"https:\/\/www.messinaoggi.it\/website\/wp-json\/wp\/v2\/users\/8"}],"replies":[{"embeddable":true,"href":"https:\/\/www.messinaoggi.it\/website\/wp-json\/wp\/v2\/comments?post=36136"}],"version-history":[{"count":0,"href":"https:\/\/www.messinaoggi.it\/website\/wp-json\/wp\/v2\/posts\/36136\/revisions"}],"wp:featuredmedia":[{"embeddable":true,"href":"https:\/\/www.messinaoggi.it\/website\/wp-json\/wp\/v2\/media\/33613"}],"wp:attachment":[{"href":"https:\/\/www.messinaoggi.it\/website\/wp-json\/wp\/v2\/media?parent=36136"}],"wp:term":[{"taxonomy":"category","embeddable":true,"href":"https:\/\/www.messinaoggi.it\/website\/wp-json\/wp\/v2\/categories?post=36136"},{"taxonomy":"post_tag","embeddable":true,"href":"https:\/\/www.messinaoggi.it\/website\/wp-json\/wp\/v2\/tags?post=36136"}],"curies":[{"name":"wp","href":"https:\/\/api.w.org\/{rel}","templated":true}]}}