{"id":36083,"date":"2019-08-15T00:39:40","date_gmt":"2019-08-14T22:39:40","guid":{"rendered":"https:\/\/www.messinaoggi.it\/website\/?p=36083"},"modified":"2019-08-15T00:39:40","modified_gmt":"2019-08-14T22:39:40","slug":"bisconte-bruciano-le-colline-fiamme-partite-da-una-discarica-abusiva","status":"publish","type":"post","link":"https:\/\/www.messinaoggi.it\/website\/2019\/08\/15\/bisconte-bruciano-le-colline-fiamme-partite-da-una-discarica-abusiva\/","title":{"rendered":"Bisconte, bruciano le colline. Fiamme partite da una discarica abusiva"},"content":{"rendered":"<p>Un incendio di vaste proporzioni si \u00e8 sviluppato ieri, intorno alle 21.45 nella zona di Bisconte, la stessa nella quale nei giorni scorsi era partita la denuncia degli esponenti del M5s Geraci e De Luca per la presenza di una discarica.<br \/>\n<img loading=\"lazy\" class=\"alignnone size-medium wp-image-36085\" src=\"https:\/\/www.messinaoggi.it\/website\/wp-content\/uploads\/2019\/08\/BE9E3A9A-763E-4D7B-9C48-0EF4738A4ED3-300x165.jpeg\" alt=\"\" width=\"300\" height=\"165\" \/>Rapido l\u2019intervento dei Vigili del Fuoco che al momento sono impegnati sul posto per circoscrivere e domare le fiamme che stanno interessando una vasta area. Sul posto anche il consigliere della Terza Circoscrizione Alessandro Geraci (M5s) che ricorda: \u201cDopo le denunce da parte mia e del deputato regionale Antonio De Luca sulla discarica a cielo aperto di Bisconte, precisamente in Via Caltanissetta, pochi minuti fa un vasto incendio appiccato da ignoti si \u00e8 propagato dentro la zona totalmente abbandonata, di competenza Iacp, arrivando a lambire le vicine abitazioni e la Chiesa. Parliamo di una calamit\u00e0 annunciata e pi\u00f9 volte denunciata \u2013 spiega il consigliere della III Circoscrizione\u2013 ricordiamo il gregge di pecore che si nutriva di spazzatura pochi giorni fa\u201d. Lo scorso mese anche l\u2019Arpa, contattata sempre da Geraci e Antonio De Luca (M5S), aveva segnalato nella sua relazione la pericolosit\u00e0 del sito, con presenza di amianto, plastiche e copertoni che adesso rilasceranno nell\u2019aria elementi nocivi alla salute dei residenti.<br \/>\n\u201cLa vita degli stessi residenti \u00e8 stata messa a rischio per la negligenza delle istituzioni \u2013 continua Geraci \u2013 Adesso diciamo basta! Invito il sindaco ed il prefetto di Messina ad intervenire immediatamente, costringendo tutti gli attori responsabili a prendersi le proprie responsabilit\u00e0. Questo sito adesso ha la massima priorit\u00e0: che il sindaco metropolitano se lo segni in agenda! Con la vita dei cittadini non si scherza pi\u00f9\u201d, conclude il consigliere.<div id=\"div-gpt-ad-Messinaoggi.it-DSK-300x250-corpoart\" style=\"text-align:center;margin:0 auto;\"><\/div><\/p>\n<div id=\"videoincontent\" style=\"clear:both\";><\/div>","protected":false},"excerpt":{"rendered":"<p>Un incendio di vaste proporzioni si \u00e8 sviluppato ieri, intorno alle 21.45 nella zona di Bisconte, la stessa nella quale nei giorni scorsi era partita la denuncia degli esponenti del M5s Geraci e De Luca per la presenza di una discarica. Rapido l\u2019intervento dei Vigili del Fuoco che al momento sono impegnati sul posto per [&hellip;]<\/p>\n","protected":false},"author":2,"featured_media":36084,"comment_status":"closed","ping_status":"open","sticky":false,"template":"","format":"standard","meta":{"ub_ctt_via":"","_mi_skip_tracking":false},"categories":[6],"tags":[],"featured_image_src":"https:\/\/www.messinaoggi.it\/website\/wp-content\/uploads\/2019\/08\/A6CB04B3-3AD1-4ECD-8A2F-EEE872D81D39.jpeg","author_info":{"display_name":"Redazione","author_link":"https:\/\/www.messinaoggi.it\/website\/author\/redazione\/"},"digistream_id":0,"digistream":false,"_links":{"self":[{"href":"https:\/\/www.messinaoggi.it\/website\/wp-json\/wp\/v2\/posts\/36083"}],"collection":[{"href":"https:\/\/www.messinaoggi.it\/website\/wp-json\/wp\/v2\/posts"}],"about":[{"href":"https:\/\/www.messinaoggi.it\/website\/wp-json\/wp\/v2\/types\/post"}],"author":[{"embeddable":true,"href":"https:\/\/www.messinaoggi.it\/website\/wp-json\/wp\/v2\/users\/2"}],"replies":[{"embeddable":true,"href":"https:\/\/www.messinaoggi.it\/website\/wp-json\/wp\/v2\/comments?post=36083"}],"version-history":[{"count":0,"href":"https:\/\/www.messinaoggi.it\/website\/wp-json\/wp\/v2\/posts\/36083\/revisions"}],"wp:featuredmedia":[{"embeddable":true,"href":"https:\/\/www.messinaoggi.it\/website\/wp-json\/wp\/v2\/media\/36084"}],"wp:attachment":[{"href":"https:\/\/www.messinaoggi.it\/website\/wp-json\/wp\/v2\/media?parent=36083"}],"wp:term":[{"taxonomy":"category","embeddable":true,"href":"https:\/\/www.messinaoggi.it\/website\/wp-json\/wp\/v2\/categories?post=36083"},{"taxonomy":"post_tag","embeddable":true,"href":"https:\/\/www.messinaoggi.it\/website\/wp-json\/wp\/v2\/tags?post=36083"}],"curies":[{"name":"wp","href":"https:\/\/api.w.org\/{rel}","templated":true}]}}