{"id":36059,"date":"2019-08-14T11:24:25","date_gmt":"2019-08-14T09:24:25","guid":{"rendered":"https:\/\/www.messinaoggi.it\/website\/?p=36059"},"modified":"2019-08-14T11:24:25","modified_gmt":"2019-08-14T09:24:25","slug":"de-luca-attacca-i-vigili-urbani-la-fp-cgil-chiede-lintervento-del-prefetto","status":"publish","type":"post","link":"https:\/\/www.messinaoggi.it\/website\/2019\/08\/14\/de-luca-attacca-i-vigili-urbani-la-fp-cgil-chiede-lintervento-del-prefetto\/","title":{"rendered":"De Luca attacca i vigili urbani: la Fp Cgil chiede l&#039;intervento del Prefetto"},"content":{"rendered":"<p>\u201c<em>Diciamo basta alla perenne campagna elettorale, basta agli atteggiamenti ingiuriosi e offensivi assunti nei confronti dei dipendenti comunali, basta alle minacce e insulti rivolti a chi ha il ruolo di difendere i diritti dei lavoratori. Il Prefetto intervenga per porre fine a questo spettacolo indecoroso<\/em>\u201d. Cos\u00ec il segretario della Fp Cgil Francesco Fucile a seguito del recente attacco su Facebook del sindaco Cateno De Luca nei confronti dei vigili urbani, in quanto alcuni di essi si sarebbero resi responsabili di stare con le mani in mano durante i turni di lavoro.<br \/>\n\u201c<em>Il primo cittadino<\/em> \u2013 prosegue il sindacalista \u2013 <em>utilizza Facebook per continuare ad attaccare la generalit\u00e0 dei dipendenti del Comune, contribuendo ad alimentare un clima di tensione che non fa altro che mettere i cittadini gli uni contro gli altri.<\/em> <em>De Luca non pu\u00f2 permettersi di denigrare i lavoratori dandoli in pasto ai social e ai leoni da tastiera. Un primo cittadino che si rispetti dovrebbe conoscere <\/em><em>gli strumenti legislativi e contrattuali per sanzionare chi non adempie al proprio dovere, nonch\u00e9 le forme corrette per combattere i cosiddetti fannulloni.\u00a0 A quanto pare, per\u00f2, gli obiettivi di De Luca sono ben altri, ovvero sperare racimolare consenso sputando fango su chi, ogni giorno, lavora con impegno per portare avanti la macchina amministrativa, anche in condizioni di difficolt\u00e0<\/em><em>. <\/em><em>Cos\u00ec facendo, non si fa che <\/em><em>mettere a serio rischio la dignit\u00e0 conquistata, la professionalit\u00e0 e la competenza di tanti lavoratori e perfino la loro incolumit\u00e0 fisica, e ci\u00f2 non fa onore al primo cittadino. \u00c8 ancor pi\u00f9 grave che il sindaco lo faccia nei confronti dei vigili urbani che, giornalmente, affrontano sulla strada situazioni difficili dove spesso l\u2019autorevolezza conta pi\u00f9 della repressione. Una situazione resa ancor pi\u00f9 grave dal fatto che il Corpo di Polizia Municipale \u00e8 privo di una guida e di un\u2019adeguata struttura organizzativa dove sono insufficienti le figure intermedie di coordinamento (controllo) dei servizi<\/em>.<br \/>\n\u201c<em>Invitiamo quindi De Luca ad abbandonare questi toni rabbiosi, offensivi e diffamatori nei confronti dei lavoratori; la diffidiamo a non chiamare pi\u00f9 \u2018stronzi\u2019 coloro che difendono i diritti e la dignit\u00e0 dei lavoratori, a non minacciare di \u2018prendere a calci in culo\u2019 i dipendenti che, secondo lei svolgono male il loro lavoro. Il fatto di percepire lo stipendio, non pu\u00f2 tradursi nella \u2018perdita\u2019 di ogni altro diritto. \u00c8 per questo ci riserviamo di attivare tutte quelle forme di lotta sindacali che la Costituzione ci garantisce e di adire le vie legali sui nostri associati oggetto delle sue ingiurie o invettive via Facebook. Ribadiamo, infine, l\u2019invito rivolto alla massima figura istituzionale della citt\u00e0 che rappresenta lo Stato, cio\u00e8 il Prefetto, affinch\u00e9 intervenga per porre fine a questo spettacolo indecoroso e pericoloso per i pubblici dipendenti che hanno contatto diretto con il pubblico che, a causa del modo di fare del sindaco, si sente quasi autorizzato a comportamenti violenti e offensivi<\/em>\u201d.<div id=\"div-gpt-ad-Messinaoggi.it-DSK-300x250-corpoart\" style=\"text-align:center;margin:0 auto;\"><\/div><\/p>\n<div id=\"videoincontent\" style=\"clear:both\";><\/div>","protected":false},"excerpt":{"rendered":"<p>\u201cDiciamo basta alla perenne campagna elettorale, basta agli atteggiamenti ingiuriosi e offensivi assunti nei confronti dei dipendenti comunali, basta alle minacce e insulti rivolti a chi ha il ruolo di difendere i diritti dei lavoratori. Il Prefetto intervenga per porre fine a questo spettacolo indecoroso\u201d. Cos\u00ec il segretario della Fp Cgil Francesco Fucile a seguito [&hellip;]<\/p>\n","protected":false},"author":8,"featured_media":27104,"comment_status":"closed","ping_status":"open","sticky":false,"template":"","format":"standard","meta":{"ub_ctt_via":"","_mi_skip_tracking":false},"categories":[4],"tags":[],"featured_image_src":"https:\/\/www.messinaoggi.it\/website\/wp-content\/uploads\/2018\/11\/Fp-Cgil.jpg","author_info":{"display_name":"red..me","author_link":"https:\/\/www.messinaoggi.it\/website\/author\/redstage\/"},"digistream_id":0,"digistream":false,"_links":{"self":[{"href":"https:\/\/www.messinaoggi.it\/website\/wp-json\/wp\/v2\/posts\/36059"}],"collection":[{"href":"https:\/\/www.messinaoggi.it\/website\/wp-json\/wp\/v2\/posts"}],"about":[{"href":"https:\/\/www.messinaoggi.it\/website\/wp-json\/wp\/v2\/types\/post"}],"author":[{"embeddable":true,"href":"https:\/\/www.messinaoggi.it\/website\/wp-json\/wp\/v2\/users\/8"}],"replies":[{"embeddable":true,"href":"https:\/\/www.messinaoggi.it\/website\/wp-json\/wp\/v2\/comments?post=36059"}],"version-history":[{"count":0,"href":"https:\/\/www.messinaoggi.it\/website\/wp-json\/wp\/v2\/posts\/36059\/revisions"}],"wp:featuredmedia":[{"embeddable":true,"href":"https:\/\/www.messinaoggi.it\/website\/wp-json\/wp\/v2\/media\/27104"}],"wp:attachment":[{"href":"https:\/\/www.messinaoggi.it\/website\/wp-json\/wp\/v2\/media?parent=36059"}],"wp:term":[{"taxonomy":"category","embeddable":true,"href":"https:\/\/www.messinaoggi.it\/website\/wp-json\/wp\/v2\/categories?post=36059"},{"taxonomy":"post_tag","embeddable":true,"href":"https:\/\/www.messinaoggi.it\/website\/wp-json\/wp\/v2\/tags?post=36059"}],"curies":[{"name":"wp","href":"https:\/\/api.w.org\/{rel}","templated":true}]}}