{"id":36041,"date":"2019-08-13T15:53:26","date_gmt":"2019-08-13T13:53:26","guid":{"rendered":"https:\/\/www.messinaoggi.it\/website\/?p=36041"},"modified":"2019-08-13T15:53:26","modified_gmt":"2019-08-13T13:53:26","slug":"antillo-via-libera-al-consolidamento-del-quartiere-giorgina-piano-calcaradella","status":"publish","type":"post","link":"https:\/\/www.messinaoggi.it\/website\/2019\/08\/13\/antillo-via-libera-al-consolidamento-del-quartiere-giorgina-piano-calcaradella\/","title":{"rendered":"Antillo, via libera al consolidamento del quartiere &quot;Giorgina-Piano Calcaradella&quot;"},"content":{"rendered":"<p>Si attendeva da oltre quindici anni, ad Antillo, il consolidamento del quartiere &#8220;Giorgina-Piano Calcaradella&#8221;, nella parte a valle del piccolo centro messinese. La struttura contro il dissesto idrogeologico ha programmato un intervento che restituir\u00e0 piena fruibilit\u00e0 alla zona che ha una classificazione R4 ossia a rischio idrogeologico molto elevato, e che \u00e8 soggetta a frane che hanno causato, negli anni, cedimenti di fabbricati e di infrastrutture secondarie.<br \/>\nE&#8217; stata pubblicata la gara, da un milione e seicentomila euro, per l&#8217;affidamento dei lavori che prevedono la realizzazione di sistemi di regimazione idraulica e di canalizzazione, e di due paratie, una a monte della lunghezza di 175 metri e una nella parte bassa di 125 metri.<br \/>\nL&#8217;opera, una volta eseguita, consentir\u00e0 di rafforzare ancor di pi\u00f9 la sicurezza della parte alta di Antillo, sede della Chiesa di Santa Maria della Provvidenza, della casa comunale e di diversi edifici.<div id=\"div-gpt-ad-Messinaoggi.it-DSK-300x250-corpoart\" style=\"text-align:center;margin:0 auto;\"><\/div><\/p>\n<div id=\"videoincontent\" style=\"clear:both\";><\/div>","protected":false},"excerpt":{"rendered":"<p>Si attendeva da oltre quindici anni, ad Antillo, il consolidamento del quartiere &#8220;Giorgina-Piano Calcaradella&#8221;, nella parte a valle del piccolo centro messinese. La struttura contro il dissesto idrogeologico ha programmato un intervento che restituir\u00e0 piena fruibilit\u00e0 alla zona che ha una classificazione R4 ossia a rischio idrogeologico molto elevato, e che \u00e8 soggetta a frane [&hellip;]<\/p>\n","protected":false},"author":4,"featured_media":29424,"comment_status":"closed","ping_status":"open","sticky":false,"template":"","format":"standard","meta":{"ub_ctt_via":"","_mi_skip_tracking":false},"categories":[13,15],"tags":[],"featured_image_src":"https:\/\/www.messinaoggi.it\/website\/wp-content\/uploads\/2019\/02\/frana-Oliva-Inganno.jpeg","author_info":{"display_name":"redme","author_link":"https:\/\/www.messinaoggi.it\/website\/author\/redme\/"},"digistream_id":0,"digistream":false,"_links":{"self":[{"href":"https:\/\/www.messinaoggi.it\/website\/wp-json\/wp\/v2\/posts\/36041"}],"collection":[{"href":"https:\/\/www.messinaoggi.it\/website\/wp-json\/wp\/v2\/posts"}],"about":[{"href":"https:\/\/www.messinaoggi.it\/website\/wp-json\/wp\/v2\/types\/post"}],"author":[{"embeddable":true,"href":"https:\/\/www.messinaoggi.it\/website\/wp-json\/wp\/v2\/users\/4"}],"replies":[{"embeddable":true,"href":"https:\/\/www.messinaoggi.it\/website\/wp-json\/wp\/v2\/comments?post=36041"}],"version-history":[{"count":0,"href":"https:\/\/www.messinaoggi.it\/website\/wp-json\/wp\/v2\/posts\/36041\/revisions"}],"wp:featuredmedia":[{"embeddable":true,"href":"https:\/\/www.messinaoggi.it\/website\/wp-json\/wp\/v2\/media\/29424"}],"wp:attachment":[{"href":"https:\/\/www.messinaoggi.it\/website\/wp-json\/wp\/v2\/media?parent=36041"}],"wp:term":[{"taxonomy":"category","embeddable":true,"href":"https:\/\/www.messinaoggi.it\/website\/wp-json\/wp\/v2\/categories?post=36041"},{"taxonomy":"post_tag","embeddable":true,"href":"https:\/\/www.messinaoggi.it\/website\/wp-json\/wp\/v2\/tags?post=36041"}],"curies":[{"name":"wp","href":"https:\/\/api.w.org\/{rel}","templated":true}]}}