{"id":36032,"date":"2019-08-10T11:23:15","date_gmt":"2019-08-10T09:23:15","guid":{"rendered":"https:\/\/www.messinaoggi.it\/website\/?p=36032"},"modified":"2019-08-10T11:23:15","modified_gmt":"2019-08-10T09:23:15","slug":"torre-faro-stasera-sara-riacceso-il-pilone","status":"publish","type":"post","link":"https:\/\/www.messinaoggi.it\/website\/2019\/08\/10\/torre-faro-stasera-sara-riacceso-il-pilone\/","title":{"rendered":"Torre Faro, stasera sar\u00e0 riacceso il Pilone"},"content":{"rendered":"<p style=\"text-align: justify;\">Dopo ben sei anni di distanza, stasera torner\u00e0 a risplendere il Pilone di Torre Faro, imponente struttura simbolo della citt\u00e0 di Messina per la quale \u00e8 stato costruito un nuovo impianto di illuminazione. A darne l\u2019annuncio \u00e8 stato il sindaco Cateno De Luca, il quale dichiara: \u201c<em>Con un atto d\u2019amore stiamo dando il massimo per far rinascere il territorio. Dopo un anno di intensa attivit\u00e0 passato a sistemare la macchina amministrativa e cominciare a dare le risposte che la citt\u00e0 attende da anni, vogliamo dare un piccolo segno di discontinuit\u00e0 con il passato<\/em>\u201d.<div id=\"div-gpt-ad-Messinaoggi.it-DSK-300x250-corpoart\" style=\"text-align:center;margin:0 auto;\"><\/div><\/p>\n<p style=\"text-align: justify;\">L\u2019impianto di illuminazione del Pilone di Torre Faro era stato spento nel 2013, in quanto i costi necessari per la sua gestione erano divenuti insostenibili per una citt\u00e0 come quella di Messina, che com\u2019\u00e8 noto \u00e8 da sempre sul filo del rasoio per quel che concerne la gestione delle finanze. Ed \u00e8 proprio per venire incontro all\u2019esigenza di contenere quanto pi\u00f9 possibile tali costi che \u00e8 stato installato un impianto di illuminazione decisamente pi\u00f9 economico: infatti, stando alle cifre riportate dall\u2019Amministrazione comunale, si passer\u00e0 dai 35 mila euro l&#8217;anno del precedente impianto ai 2 mila euro annuali di quello attuale, una cifra quasi 18 volte pi\u00f9 bassa. Inoltre, il nuovo impianto sar\u00e0 ecosostenibile, in quanto produrr\u00e0 6351 chili di anidride carbonica l\u2019anno, molto meno rispetto ai 116800 chili annuali del precedente impianto.<div id=\"videoincontent\" style=\"clear:both\";><\/div><\/p>\n<p style=\"text-align: justify;\">&#8220;<em>Dando nuovamente luce al Pilone di Torre Faro,<\/em> &#8211; conclude De Luca &#8211; <em>vogliamo riaccendere nei cittadini la fiamma della speranza, per ribadire che rimboccandoci le maniche, possiamo uscire fuori dalle sabbie mobili in cui era precipitata la comunit\u00e0 e costruire insieme un modello virtuoso che sia da riferimento per il futuro<\/em>&#8220;.<\/p>\n","protected":false},"excerpt":{"rendered":"<p>Dopo ben sei anni di distanza, stasera torner\u00e0 a risplendere il Pilone di Torre Faro, imponente struttura simbolo della citt\u00e0 di Messina per la quale \u00e8 stato costruito un nuovo impianto di illuminazione. A darne l\u2019annuncio \u00e8 stato il sindaco Cateno De Luca, il quale dichiara: \u201cCon un atto d\u2019amore stiamo dando il massimo per [&hellip;]<\/p>\n","protected":false},"author":8,"featured_media":36033,"comment_status":"closed","ping_status":"open","sticky":false,"template":"","format":"standard","meta":{"ub_ctt_via":"","_mi_skip_tracking":false},"categories":[5],"tags":[],"featured_image_src":"https:\/\/www.messinaoggi.it\/website\/wp-content\/uploads\/2019\/08\/Pilone-Torre-Faro.jpg","author_info":{"display_name":"red..me","author_link":"https:\/\/www.messinaoggi.it\/website\/author\/redstage\/"},"digistream_id":0,"digistream":false,"_links":{"self":[{"href":"https:\/\/www.messinaoggi.it\/website\/wp-json\/wp\/v2\/posts\/36032"}],"collection":[{"href":"https:\/\/www.messinaoggi.it\/website\/wp-json\/wp\/v2\/posts"}],"about":[{"href":"https:\/\/www.messinaoggi.it\/website\/wp-json\/wp\/v2\/types\/post"}],"author":[{"embeddable":true,"href":"https:\/\/www.messinaoggi.it\/website\/wp-json\/wp\/v2\/users\/8"}],"replies":[{"embeddable":true,"href":"https:\/\/www.messinaoggi.it\/website\/wp-json\/wp\/v2\/comments?post=36032"}],"version-history":[{"count":0,"href":"https:\/\/www.messinaoggi.it\/website\/wp-json\/wp\/v2\/posts\/36032\/revisions"}],"wp:featuredmedia":[{"embeddable":true,"href":"https:\/\/www.messinaoggi.it\/website\/wp-json\/wp\/v2\/media\/36033"}],"wp:attachment":[{"href":"https:\/\/www.messinaoggi.it\/website\/wp-json\/wp\/v2\/media?parent=36032"}],"wp:term":[{"taxonomy":"category","embeddable":true,"href":"https:\/\/www.messinaoggi.it\/website\/wp-json\/wp\/v2\/categories?post=36032"},{"taxonomy":"post_tag","embeddable":true,"href":"https:\/\/www.messinaoggi.it\/website\/wp-json\/wp\/v2\/tags?post=36032"}],"curies":[{"name":"wp","href":"https:\/\/api.w.org\/{rel}","templated":true}]}}