{"id":36017,"date":"2019-08-13T09:12:01","date_gmt":"2019-08-13T07:12:01","guid":{"rendered":"https:\/\/www.messinaoggi.it\/website\/?p=36017"},"modified":"2019-08-13T09:12:01","modified_gmt":"2019-08-13T07:12:01","slug":"polemiche-fondi-ex-provincia-de-luca-alla-uil-fpl-ho-condotto-battaglia-da-solo","status":"publish","type":"post","link":"https:\/\/www.messinaoggi.it\/website\/2019\/08\/13\/polemiche-fondi-ex-provincia-de-luca-alla-uil-fpl-ho-condotto-battaglia-da-solo\/","title":{"rendered":"Polemiche fondi ex Provincia, De Luca alla Uil-Fpl: &quot;Ho condotto battaglia da solo&quot;"},"content":{"rendered":"<p class=\"p1\" style=\"text-align: justify;\"><span class=\"s1\">\u201cQuando ho deciso di chiudere Palazzo dei Leoni, barricandomi al suo interno per una protesta istituzionale, nell\u2019attesa di evoluzioni che davano concrete risposte al problema del rischio dissesto per le ex Province, nessun esponente dei sindacati si \u00e8 fatto vivo, sostenendo una legittima battaglia per la tutela della Citt\u00e0 Metropolitana di Messina. La totale assenza di Uil, Cgil e il resto delle sigle sindacali \u00e8 traducibile in una mancanza di interesse verso i lavoratori dell\u2019ex Provincia\u201d. A riferirlo \u00e8 il Sindaco della citt\u00e0 metropolitana di Messina, on. Cateno De Luca in merito alla nota di Pippo Calapai, Maurizio Giliberto e Giovanni Risitano, rispettivamente segretario generale, responsabile territoriale e responsabile aziendale della Uil-Fpl Messina, nella quale invocano le dimissioni del Sindaco De Luca e dell\u2019Assessore regionale al ramo, Bernadette Grasso. <\/span><div id=\"div-gpt-ad-Messinaoggi.it-DSK-300x250-corpoart\" style=\"text-align:center;margin:0 auto;\"><\/div><\/p>\n<p class=\"p1\" style=\"text-align: justify;\"><span class=\"s1\">\u201cVista la poca coerenza di questi soggetti \u2013 conclude il Primo Cittadino \u2013 sono io che a questo punto chiedo le dimissioni dei rappresentanti di tali organizzazioni. In questi mesi hanno dimostrato per l\u2019ennesima volta di essere inutili, per nulla adatti a tutelare i lavoratori e gli interessi generali della comunit\u00e0\u201d.<\/span><div id=\"videoincontent\" style=\"clear:both\";><\/div><\/p>\n","protected":false},"excerpt":{"rendered":"<p>\u201cQuando ho deciso di chiudere Palazzo dei Leoni, barricandomi al suo interno per una protesta istituzionale, nell\u2019attesa di evoluzioni che davano concrete risposte al problema del rischio dissesto per le ex Province, nessun esponente dei sindacati si \u00e8 fatto vivo, sostenendo una legittima battaglia per la tutela della Citt\u00e0 Metropolitana di Messina. La totale assenza [&hellip;]<\/p>\n","protected":false},"author":2,"featured_media":33602,"comment_status":"closed","ping_status":"open","sticky":false,"template":"","format":"standard","meta":{"ub_ctt_via":"","_mi_skip_tracking":false},"categories":[4],"tags":[],"featured_image_src":"https:\/\/www.messinaoggi.it\/website\/wp-content\/uploads\/2019\/06\/AFD36B27-F0CA-4EBE-A807-F9A6BDE81396.jpeg","author_info":{"display_name":"Redazione","author_link":"https:\/\/www.messinaoggi.it\/website\/author\/redazione\/"},"digistream_id":0,"digistream":false,"_links":{"self":[{"href":"https:\/\/www.messinaoggi.it\/website\/wp-json\/wp\/v2\/posts\/36017"}],"collection":[{"href":"https:\/\/www.messinaoggi.it\/website\/wp-json\/wp\/v2\/posts"}],"about":[{"href":"https:\/\/www.messinaoggi.it\/website\/wp-json\/wp\/v2\/types\/post"}],"author":[{"embeddable":true,"href":"https:\/\/www.messinaoggi.it\/website\/wp-json\/wp\/v2\/users\/2"}],"replies":[{"embeddable":true,"href":"https:\/\/www.messinaoggi.it\/website\/wp-json\/wp\/v2\/comments?post=36017"}],"version-history":[{"count":0,"href":"https:\/\/www.messinaoggi.it\/website\/wp-json\/wp\/v2\/posts\/36017\/revisions"}],"wp:featuredmedia":[{"embeddable":true,"href":"https:\/\/www.messinaoggi.it\/website\/wp-json\/wp\/v2\/media\/33602"}],"wp:attachment":[{"href":"https:\/\/www.messinaoggi.it\/website\/wp-json\/wp\/v2\/media?parent=36017"}],"wp:term":[{"taxonomy":"category","embeddable":true,"href":"https:\/\/www.messinaoggi.it\/website\/wp-json\/wp\/v2\/categories?post=36017"},{"taxonomy":"post_tag","embeddable":true,"href":"https:\/\/www.messinaoggi.it\/website\/wp-json\/wp\/v2\/tags?post=36017"}],"curies":[{"name":"wp","href":"https:\/\/api.w.org\/{rel}","templated":true}]}}