{"id":35992,"date":"2019-08-12T10:41:09","date_gmt":"2019-08-12T08:41:09","guid":{"rendered":"https:\/\/www.messinaoggi.it\/website\/?p=35992"},"modified":"2019-08-12T10:41:09","modified_gmt":"2019-08-12T08:41:09","slug":"lallarme-del-sinalp-sul-lavoro-nero-il-60-e-radicato-nel-sud","status":"publish","type":"post","link":"https:\/\/www.messinaoggi.it\/website\/2019\/08\/12\/lallarme-del-sinalp-sul-lavoro-nero-il-60-e-radicato-nel-sud\/","title":{"rendered":"L&#039;allarme del Sinalp sul lavoro nero: &quot;Il 60% \u00e8 radicato nel Sud&quot;"},"content":{"rendered":"<p>\u201c<em>Anche quest\u2019anno abbiamo istituito il \u201cTelefono Nero 091333195\u201d, che quest\u2019anno sar\u00e0 attivo dal 29 agosto, per dare assistenza ed informazioni sui diritti ai lavoratori sfruttati ed offesi nella dignit\u00e0 di donne e uomini<\/em>\u201d. Cos\u00ec il segretario regionale del Sinalp Sicilia Andrea Monteleone, nell\u2019ambito di un suo intervento sulla piaga del lavoro in nero che, stando ad alcuni dati riportati dal sindacato, coinvolgerebbe \u201c<em>3,3 milioni\u00a0di lavoratori invisibili che movimentano un mercato di 77,3 miliardi di fatturato, togliendo al fisco pi\u00f9 di 42 miliardi di euro<\/em>\u201d, cos\u00ec come dichiarato dallo stesso Monteleone.<br \/>\n\u201c<em>Il Sud Italia e la Sicilia<\/em> \u2013 prosegue il sindacalista \u2013<em> diventano campi di battaglia per imprenditori senza scrupoli che approfittano del potere contrattuale in loro possesso in territori in crisi perenne e senza alcuna opportunit\u00e0 di lavoro per imporre ai lavoratori la loro volont\u00e0 e la loro visione del sistema lavoro. Questa piaga sociale per il 60% \u00e8 radicata nel Sud, e nel periodo estivo tale livello aumenta di un altro 5%.<\/em><br \/>\n\u201c<em>Il lavoro nero, che nell\u2019immaginario comune \u00e8 presente solo nel settore privato, purtroppo vive e si stratifica anche nel pubblico impiego con i tanti precari, contrattisti ed Asu creati dalla politica regionale per fini puramente elettoralistici, che da anni reggono le amministrazioni pubbliche a tutti i livelli senza aver riconosciuti i diritti fondamentali insiti nei normali rapporti di lavoro. Raggiungendo il massimo della vergogna con i lavoratori Asu, ai quali non viene riconosciuto nemmeno un euro di contributo previdenziale per tutti gli anni di lavoro svolti<\/em>\u201d.<div id=\"div-gpt-ad-Messinaoggi.it-DSK-300x250-corpoart\" style=\"text-align:center;margin:0 auto;\"><\/div><\/p>\n<div id=\"videoincontent\" style=\"clear:both\";><\/div>","protected":false},"excerpt":{"rendered":"<p>\u201cAnche quest\u2019anno abbiamo istituito il \u201cTelefono Nero 091333195\u201d, che quest\u2019anno sar\u00e0 attivo dal 29 agosto, per dare assistenza ed informazioni sui diritti ai lavoratori sfruttati ed offesi nella dignit\u00e0 di donne e uomini\u201d. Cos\u00ec il segretario regionale del Sinalp Sicilia Andrea Monteleone, nell\u2019ambito di un suo intervento sulla piaga del lavoro in nero che, stando [&hellip;]<\/p>\n","protected":false},"author":8,"featured_media":14922,"comment_status":"closed","ping_status":"open","sticky":false,"template":"","format":"standard","meta":{"ub_ctt_via":"","_mi_skip_tracking":false},"categories":[11],"tags":[],"featured_image_src":"https:\/\/www.messinaoggi.it\/website\/wp-content\/uploads\/2018\/01\/cantieri-1.jpg","author_info":{"display_name":"red..me","author_link":"https:\/\/www.messinaoggi.it\/website\/author\/redstage\/"},"digistream_id":0,"digistream":false,"_links":{"self":[{"href":"https:\/\/www.messinaoggi.it\/website\/wp-json\/wp\/v2\/posts\/35992"}],"collection":[{"href":"https:\/\/www.messinaoggi.it\/website\/wp-json\/wp\/v2\/posts"}],"about":[{"href":"https:\/\/www.messinaoggi.it\/website\/wp-json\/wp\/v2\/types\/post"}],"author":[{"embeddable":true,"href":"https:\/\/www.messinaoggi.it\/website\/wp-json\/wp\/v2\/users\/8"}],"replies":[{"embeddable":true,"href":"https:\/\/www.messinaoggi.it\/website\/wp-json\/wp\/v2\/comments?post=35992"}],"version-history":[{"count":0,"href":"https:\/\/www.messinaoggi.it\/website\/wp-json\/wp\/v2\/posts\/35992\/revisions"}],"wp:featuredmedia":[{"embeddable":true,"href":"https:\/\/www.messinaoggi.it\/website\/wp-json\/wp\/v2\/media\/14922"}],"wp:attachment":[{"href":"https:\/\/www.messinaoggi.it\/website\/wp-json\/wp\/v2\/media?parent=35992"}],"wp:term":[{"taxonomy":"category","embeddable":true,"href":"https:\/\/www.messinaoggi.it\/website\/wp-json\/wp\/v2\/categories?post=35992"},{"taxonomy":"post_tag","embeddable":true,"href":"https:\/\/www.messinaoggi.it\/website\/wp-json\/wp\/v2\/tags?post=35992"}],"curies":[{"name":"wp","href":"https:\/\/api.w.org\/{rel}","templated":true}]}}