{"id":35932,"date":"2019-08-09T10:25:25","date_gmt":"2019-08-09T08:25:25","guid":{"rendered":"https:\/\/www.messinaoggi.it\/website\/?p=35932"},"modified":"2019-08-09T10:25:25","modified_gmt":"2019-08-09T08:25:25","slug":"siracusano-accelera-sul-ponte-sullo-stretto-realizzare-quella-che-sara-la-tav-del-sud","status":"publish","type":"post","link":"https:\/\/www.messinaoggi.it\/website\/2019\/08\/09\/siracusano-accelera-sul-ponte-sullo-stretto-realizzare-quella-che-sara-la-tav-del-sud\/","title":{"rendered":"Siracusano accelera sul Ponte sullo Stretto: &quot;Realizzare quella che sar\u00e0 la Tav del Sud&quot;"},"content":{"rendered":"<p>&#8220;<em>Adesso si pensi anche alle grandi opere al Sud, come il Ponte sullo Stretto, la vera Tav del Mezzogiorno<\/em>\u201d. \u00c8 quanto dichiarato dall\u2019esponente di Forza Italia alla Camera dei Deputati, Matilde Siracusano, nell\u2019ambito di un suo intervento in Parlamento.<br \/>\n\u201c<em>Se mettiamo sul piatto della bilancia anche il Ponte sullo Stretto,<\/em> &#8211; prosegue Siracusano &#8211; <em>comprendiamo che l\u2019importanza della sua realizzazione \u00e8 persino maggiore. Pensiamo alla ricaduta a cascata sull\u2019economia del mezzogiorno, al turismo e all&#8217;occupazione. Inoltre solo con il Ponte sar\u00e0 possibile realizzare l\u2019alta velocit\u00e0 in tutta Italia, permettendo al Mezzogiorno di ambire al ruolo che geograficamente gli compete: diventare la porta europea sul Mediterraneo<\/em>&#8220;.<br \/>\n&#8220;<em>\u00c8 triste constatare <\/em>&#8211; conclude la parlamentare &#8211;<em> che la stessa mobilitazione per la Tav non sia stata promossa per il Ponte sullo Stretto, un&#8217;opera concepita, ma immediatamente dopo abortita a causa di scelte folli ed incomprensibili. Tra l&#8217;altro, la sua realizzazione sarebbe ancora pi\u00f9 facile del Tav. L&#8217;auspicio \u00e8 che, su tale versante, ci sia la stessa mobilitazione nazionale, affinch\u00e9 l&#8217;Italia non sia pi\u00f9 spaccata in due realt\u00e0 distinte e separate ma unita<\/em>&#8220;.<div id=\"div-gpt-ad-Messinaoggi.it-DSK-300x250-corpoart\" style=\"text-align:center;margin:0 auto;\"><\/div><\/p>\n<div id=\"videoincontent\" style=\"clear:both\";><\/div>","protected":false},"excerpt":{"rendered":"<p>&#8220;Adesso si pensi anche alle grandi opere al Sud, come il Ponte sullo Stretto, la vera Tav del Mezzogiorno\u201d. \u00c8 quanto dichiarato dall\u2019esponente di Forza Italia alla Camera dei Deputati, Matilde Siracusano, nell\u2019ambito di un suo intervento in Parlamento. \u201cSe mettiamo sul piatto della bilancia anche il Ponte sullo Stretto, &#8211; prosegue Siracusano &#8211; comprendiamo [&hellip;]<\/p>\n","protected":false},"author":8,"featured_media":35364,"comment_status":"closed","ping_status":"open","sticky":false,"template":"","format":"standard","meta":{"ub_ctt_via":"","_mi_skip_tracking":false},"categories":[4],"tags":[],"featured_image_src":"https:\/\/www.messinaoggi.it\/website\/wp-content\/uploads\/2019\/07\/matilde-siracusano.jpeg","author_info":{"display_name":"red..me","author_link":"https:\/\/www.messinaoggi.it\/website\/author\/redstage\/"},"digistream_id":0,"digistream":false,"_links":{"self":[{"href":"https:\/\/www.messinaoggi.it\/website\/wp-json\/wp\/v2\/posts\/35932"}],"collection":[{"href":"https:\/\/www.messinaoggi.it\/website\/wp-json\/wp\/v2\/posts"}],"about":[{"href":"https:\/\/www.messinaoggi.it\/website\/wp-json\/wp\/v2\/types\/post"}],"author":[{"embeddable":true,"href":"https:\/\/www.messinaoggi.it\/website\/wp-json\/wp\/v2\/users\/8"}],"replies":[{"embeddable":true,"href":"https:\/\/www.messinaoggi.it\/website\/wp-json\/wp\/v2\/comments?post=35932"}],"version-history":[{"count":0,"href":"https:\/\/www.messinaoggi.it\/website\/wp-json\/wp\/v2\/posts\/35932\/revisions"}],"wp:featuredmedia":[{"embeddable":true,"href":"https:\/\/www.messinaoggi.it\/website\/wp-json\/wp\/v2\/media\/35364"}],"wp:attachment":[{"href":"https:\/\/www.messinaoggi.it\/website\/wp-json\/wp\/v2\/media?parent=35932"}],"wp:term":[{"taxonomy":"category","embeddable":true,"href":"https:\/\/www.messinaoggi.it\/website\/wp-json\/wp\/v2\/categories?post=35932"},{"taxonomy":"post_tag","embeddable":true,"href":"https:\/\/www.messinaoggi.it\/website\/wp-json\/wp\/v2\/tags?post=35932"}],"curies":[{"name":"wp","href":"https:\/\/api.w.org\/{rel}","templated":true}]}}