{"id":35931,"date":"2019-08-09T10:54:12","date_gmt":"2019-08-09T08:54:12","guid":{"rendered":"https:\/\/www.messinaoggi.it\/website\/?p=35931"},"modified":"2019-08-09T10:54:12","modified_gmt":"2019-08-09T08:54:12","slug":"passeggiata-dei-giganti-ecco-quale-sara-il-percorso-di-questanno","status":"publish","type":"post","link":"https:\/\/www.messinaoggi.it\/website\/2019\/08\/09\/passeggiata-dei-giganti-ecco-quale-sara-il-percorso-di-questanno\/","title":{"rendered":"Passeggiata dei Giganti, ecco quale sar\u00e0 il percorso di quest&#039;anno"},"content":{"rendered":"<p style=\"text-align: justify\">\u201c<em>Di comune accordo \u00e8 stato convenuto un percorso che permetter\u00e0 ai cittadini di partecipare alla manifestazione, attuando al contempo ogni esigenza di sicurezza<\/em>\u201d. Cos\u00ec gli assessori alla Polizia Municipale e alla Protezione Civile, rispettivamente Dafne Musolino e Massimiliano Minutoli, a margine dell\u2019incontro che si \u00e8 tenuto di ieri in Questura, durante il quale si \u00e8 discusso della realizzazione di un apposito percorso che garantisca lo svolgimento della tradizionale Passeggiata dei Giganti senza che essa contrasti con le normative in materia di sicurezza.<div id=\"div-gpt-ad-Messinaoggi.it-DSK-300x250-corpoart\" style=\"text-align:center;margin:0 auto;\"><\/div><\/p>\n<h5>Il percorso<\/h5>\n<p style=\"text-align: justify\">\u201c<em>I Giganti<\/em> \u2013 proseguono gli assessori, descrivendo quale sar\u00e0 il percorso previsto in occasione della manifestazione &#8211; <em>usciranno dal deposito di via Catania alle ore 18, accompagnati dai gruppi folkloristici e da quanti vorranno partecipare, attraversando il viale Europa sino all\u2019ospedale Piemonte dove, intorno alle 18.45, terminer\u00e0 lo spettacolo folkloristico; da qui il corteo si sposter\u00e0 a Camaro Inferiore ed alle 19.30 sar\u00e0 ripetuto lo spettacolo. In questo modo l\u2019Amministrazione comunale ha inteso da un lato preservare la tradizione ma contemporaneamente, spezzando il percorso in due fasi, si \u00e8 consentito di ottemperare a tutte le prescrizioni di sicurezza. In pratica la prima fase di percorso sino all\u2019ospedale Piemonte si avvarr\u00e0, come negli anni precedenti, del provvedimento di sospensione della circolazione veicolare e della chiusura dinamica dei varchi autostradali; mentre la seconda fase, quella sino a Camaro Inferiore, sar\u00e0 soltanto un trasferimento tecnico delle statue equestri senza alcun seguito, sempre con interdizione della circolazione veicolare e chiusura dinamica dei varchi.<strong> Lo spettacolo arriver\u00e0 comunque a Piazza Fazio.<\/strong> Questa soluzione permette quindi di rispettare le tradizioni popolari che rappresentano le nostre radici e quindi vanno alimentate evitando di paralizzare la circolazione veicolare cittadina chiudendo un\u2019arteria principale quale il viale Europa ed i varchi autostradali, cos\u00ec come dispongono le vigenti norme di sicurezza. Si \u00e8 cos\u00ec evitato di segmentare la citt\u00e0 in due zone, nord e sud<\/em>\u201d.<div id=\"videoincontent\" style=\"clear:both\";><\/div><\/p>\n","protected":false},"excerpt":{"rendered":"<p>\u201cDi comune accordo \u00e8 stato convenuto un percorso che permetter\u00e0 ai cittadini di partecipare alla manifestazione, attuando al contempo ogni esigenza di sicurezza\u201d. Cos\u00ec gli assessori alla Polizia Municipale e alla Protezione Civile, rispettivamente Dafne Musolino e Massimiliano Minutoli, a margine dell\u2019incontro che si \u00e8 tenuto di ieri in Questura, durante il quale si \u00e8 [&hellip;]<\/p>\n","protected":false},"author":8,"featured_media":3644,"comment_status":"closed","ping_status":"open","sticky":false,"template":"","format":"standard","meta":{"ub_ctt_via":"","_mi_skip_tracking":false},"categories":[6],"tags":[],"featured_image_src":"https:\/\/www.messinaoggi.it\/website\/wp-content\/uploads\/2017\/06\/mata-e-grifone-giganti-2.jpg","author_info":{"display_name":"red..me","author_link":"https:\/\/www.messinaoggi.it\/website\/author\/redstage\/"},"digistream_id":0,"digistream":false,"_links":{"self":[{"href":"https:\/\/www.messinaoggi.it\/website\/wp-json\/wp\/v2\/posts\/35931"}],"collection":[{"href":"https:\/\/www.messinaoggi.it\/website\/wp-json\/wp\/v2\/posts"}],"about":[{"href":"https:\/\/www.messinaoggi.it\/website\/wp-json\/wp\/v2\/types\/post"}],"author":[{"embeddable":true,"href":"https:\/\/www.messinaoggi.it\/website\/wp-json\/wp\/v2\/users\/8"}],"replies":[{"embeddable":true,"href":"https:\/\/www.messinaoggi.it\/website\/wp-json\/wp\/v2\/comments?post=35931"}],"version-history":[{"count":0,"href":"https:\/\/www.messinaoggi.it\/website\/wp-json\/wp\/v2\/posts\/35931\/revisions"}],"wp:featuredmedia":[{"embeddable":true,"href":"https:\/\/www.messinaoggi.it\/website\/wp-json\/wp\/v2\/media\/3644"}],"wp:attachment":[{"href":"https:\/\/www.messinaoggi.it\/website\/wp-json\/wp\/v2\/media?parent=35931"}],"wp:term":[{"taxonomy":"category","embeddable":true,"href":"https:\/\/www.messinaoggi.it\/website\/wp-json\/wp\/v2\/categories?post=35931"},{"taxonomy":"post_tag","embeddable":true,"href":"https:\/\/www.messinaoggi.it\/website\/wp-json\/wp\/v2\/tags?post=35931"}],"curies":[{"name":"wp","href":"https:\/\/api.w.org\/{rel}","templated":true}]}}