{"id":35884,"date":"2019-08-07T12:39:28","date_gmt":"2019-08-07T10:39:28","guid":{"rendered":"https:\/\/www.messinaoggi.it\/website\/?p=35884"},"modified":"2019-08-07T12:39:28","modified_gmt":"2019-08-07T10:39:28","slug":"messina-in-arrivo-pioggia-di-fondi-regionali","status":"publish","type":"post","link":"https:\/\/www.messinaoggi.it\/website\/2019\/08\/07\/messina-in-arrivo-pioggia-di-fondi-regionali\/","title":{"rendered":"Messina, in arrivo pioggia di fondi regionali"},"content":{"rendered":"<p>\u00c8 in arrivo a Messina una vera e propria pioggia di fondi regionali. Infatti, tra i 13 milioni di euro destinati al Risanamento e i 45 milioni in arrivo per la stabilizzazione dei precari, il comune beneficer\u00e0 di un elevato ammontare di contributi regionali da destinare per le battaglie simbolo dell&#8217;attuale Amministrazione comunale. Inoltre, altri 17 milioni di euro saranno destinati alla realizzazione di parcheggi di interscambio che andranno ad integrare il sistema del trasporto pubblico locale cittadino.<br \/>\n\u201c<em>Una delle anomalie che ho riscontrato nel bilancio comunale<\/em> \u2013 afferma il sindaco Cateno De Luca \u2013\u00a0<em>era l\u2019assenza di risorse\u00a0da richiedere alla Regione per il contributo annuale circa la stabilizzazione dei lavoratori precari. Mi sono adoperato in tal senso, con l\u2019ausilio del segretario generale Rossana Carrubba, per scrivere un emendamento e far recuperare al comune di Messina queste risorse almeno per il futuro. Grazie al battagliero Danilo Lo Giudice ed al beneplacito del presidente dell\u2019Ars Gianfranco Miccich\u00e8 \u00e8\u00a0stata inserita nella legge di stabilit\u00e0 2019 la norma che ha destinato al comune di Messina e ad altri 44 comuni siciliani le risorse per le stabilizzazioni dei lavoratori precari fino al 2038, con una cadenza di 2,3 milioni di euro l\u2019anno<\/em>. <em>Dal 2015 al 2018 grazie alle precedenti amministrazioni si sono persi oltre 10 milioni di euro. Un danno per le esigue casse comunali, gestite in modo scriteriato da chi pensava pi\u00f9 al Tibet che alla propria citt\u00e0<\/em>&#8220;.<br \/>\n&#8220;<em>Inoltre, presso l\u2019Assessorato regionale delle Infrastrutture abbiamo ultimato i passaggi \u2013 aggiunge De Luca \u2013 per l\u2019acquisto di circa 200 immobili da destinare alle famiglie che vivono nelle baracche. Grazie allo stanziamento di circa 13 milioni abbiamo risolto un\u2019altra stortura che in questi anni ha parecchio rallentato l\u2019iter di acquisto degli alloggi. Un plauso all\u2019intermediazione dell\u2019assessore Marco Falcone, mediante il quale non sar\u00e0 pi\u00f9 necessario un decreto regionale per l\u2019acquisto di ogni alloggio. La Regione trasferir\u00e0 le risorse finanziarie per consentire il pagamento alla stipula dell\u2019atto di compravendita. Stiamo cercando in tutti i modi di restituire dignit\u00e0 alla nostra citt\u00e0<\/em>\u201d.<br \/>\n\u201c<em>Con grande soddisfazione inoltre<\/em> \u2013 conclude il sindaco peloritano \u2013 <em>anticipo che entro settembre sar\u00e0 pubblicato il decreto dirigenziale che porter\u00e0 a Messina altri 17 milioni di euro per la realizzazione di parcheggi di interscambio che andranno ad integrare e supportare il sistema del trasporto pubblico locale, varato sotto la mia gestione. Tale attivit\u00e0 \u00e8 sinergica alle strategie del PGTU e della visione di citt\u00e0 che ci siamo dati. Ringrazio il vice sindaco, Salvatore Mondello che ha seguito nel dettaglio l\u2019intero iter approvato in tempi record dal consiglio comunale con grande senso di responsabilit\u00e0<\/em>\u201d.<div id=\"div-gpt-ad-Messinaoggi.it-DSK-300x250-corpoart\" style=\"text-align:center;margin:0 auto;\"><\/div><\/p>\n<div id=\"videoincontent\" style=\"clear:both\";><\/div>","protected":false},"excerpt":{"rendered":"<p>\u00c8 in arrivo a Messina una vera e propria pioggia di fondi regionali. Infatti, tra i 13 milioni di euro destinati al Risanamento e i 45 milioni in arrivo per la stabilizzazione dei precari, il comune beneficer\u00e0 di un elevato ammontare di contributi regionali da destinare per le battaglie simbolo dell&#8217;attuale Amministrazione comunale. Inoltre, altri [&hellip;]<\/p>\n","protected":false},"author":8,"featured_media":35890,"comment_status":"closed","ping_status":"open","sticky":false,"template":"","format":"standard","meta":{"ub_ctt_via":"","_mi_skip_tracking":false},"categories":[4],"tags":[],"featured_image_src":"https:\/\/www.messinaoggi.it\/website\/wp-content\/uploads\/2019\/08\/Immagine-De-Luca-Ass.-Infrastrutture.jpg","author_info":{"display_name":"red..me","author_link":"https:\/\/www.messinaoggi.it\/website\/author\/redstage\/"},"digistream_id":0,"digistream":false,"_links":{"self":[{"href":"https:\/\/www.messinaoggi.it\/website\/wp-json\/wp\/v2\/posts\/35884"}],"collection":[{"href":"https:\/\/www.messinaoggi.it\/website\/wp-json\/wp\/v2\/posts"}],"about":[{"href":"https:\/\/www.messinaoggi.it\/website\/wp-json\/wp\/v2\/types\/post"}],"author":[{"embeddable":true,"href":"https:\/\/www.messinaoggi.it\/website\/wp-json\/wp\/v2\/users\/8"}],"replies":[{"embeddable":true,"href":"https:\/\/www.messinaoggi.it\/website\/wp-json\/wp\/v2\/comments?post=35884"}],"version-history":[{"count":0,"href":"https:\/\/www.messinaoggi.it\/website\/wp-json\/wp\/v2\/posts\/35884\/revisions"}],"wp:featuredmedia":[{"embeddable":true,"href":"https:\/\/www.messinaoggi.it\/website\/wp-json\/wp\/v2\/media\/35890"}],"wp:attachment":[{"href":"https:\/\/www.messinaoggi.it\/website\/wp-json\/wp\/v2\/media?parent=35884"}],"wp:term":[{"taxonomy":"category","embeddable":true,"href":"https:\/\/www.messinaoggi.it\/website\/wp-json\/wp\/v2\/categories?post=35884"},{"taxonomy":"post_tag","embeddable":true,"href":"https:\/\/www.messinaoggi.it\/website\/wp-json\/wp\/v2\/tags?post=35884"}],"curies":[{"name":"wp","href":"https:\/\/api.w.org\/{rel}","templated":true}]}}