{"id":35877,"date":"2019-08-07T11:08:24","date_gmt":"2019-08-07T09:08:24","guid":{"rendered":"https:\/\/www.messinaoggi.it\/website\/?p=35877"},"modified":"2019-08-07T11:08:24","modified_gmt":"2019-08-07T09:08:24","slug":"passeggiata-dei-giganti-lamministrazione-non-e-stata-abolita-ma-solo-anticipata","status":"publish","type":"post","link":"https:\/\/www.messinaoggi.it\/website\/2019\/08\/07\/passeggiata-dei-giganti-lamministrazione-non-e-stata-abolita-ma-solo-anticipata\/","title":{"rendered":"Passeggiata dei Giganti, l&#039;Amministrazione: &quot;Non \u00e8 stata abolita, ma solo anticipata&quot;"},"content":{"rendered":"<p>\u201c<em>La sicurezza deve mirare alla tranquillit\u00e0 sociale attraverso la partecipazione civica alla gestione delle attivit\u00e0 quotidiane, ma spesso dirlo \u00e8 facile, applicarlo non sempre lo \u00e8<\/em>\u201d. Non si \u00e8 fatta attendere la risposta dell\u2019Amministrazione comunale, e in particolare degli assessori alle Tradizioni popolari Giuseppe Scattareggia e alla Protezione Civile Massimiliano Minutoli, <a href=\"https:\/\/www.messinaoggi.it\/website\/2019\/08\/06\/abolizione-passeggiata-dei-giganti-sorbello-i-messinesi-sono-sconfortati\/\"><span style=\"text-decoration: underline\">alla nota diramata ieri dal consigliere comunale Salvatore Sorbello<\/span><\/a>, con la quale suggeriva all\u2019Amministrazione comunale di sfruttare delle apposite deroghe normative per consentire lo svolgimento della passeggiata dei Giganti del 14 agosto che, a detta del consigliere comunale, era stata abolita. In realt\u00e0, gli assessori hanno precisato che la passeggiata dei Giganti del 14 agosto non \u00e8 stata abolita, ma semplicemente anticipata di un giorno, oltre che parzialmente modificata, per ragioni di sicurezza: \u201c<em>Non \u00e8 stata annullata la passeggiata di mercoled\u00ec 14, <\/em>&#8211; dichiarano gli assessori &#8211;<em> ma semplicemente anticipata a marted\u00ec 13, alle 21, per motivi di pubblica sicurezza, nel rispetto delle sopravvenute innovazioni alle normative. La sera di marted\u00ec 13, si svolger\u00e0 la passeggiata dei Giganti da Piazza Unione Europea fino a Piazza Castronovo attraverso via Garibaldi dove, proprio sotto la Vara, i carri invertiranno il senso di marcia per fare rientro a Piazza Unione Europea accompagnati dai gruppi folkloristici Fitp (Federazione italiana tradizioni popolari, ndr) per tutto il tragitto<\/em>\u201d.<br \/>\n\u201c<em>L\u2019anticipo si \u00e8 dovuto effettuare proprio per snellire la pianificazione della sicurezza, <\/em>&#8211; proseguono gli assessori &#8211; <em>evitando la commistione di eventi con la Messa che si celebra sotto la Vara alle 20.30, per la quale verranno allestiti un palco e sistemate circa 400 sedie. Tutto questo comporta delle misure di sicurezza abbastanza significative che, unite alla Passeggiata, avrebbero necessitato di una presenza di almeno 150 addetti all\u2019assistenza ed all\u2019incolumit\u00e0<\/em>\u201d.<br \/>\n<em>\u201cOltre alla passeggiata di marted\u00ec 13,<\/em> &#8211; aggiungono Minutoli e Scattareggia &#8211; <em>l\u2019Amministrazione comunale ha predisposto una \u2018salita tecnica\u2019 per venerd\u00ec 9 alle ore 7, quando con il tragitto da via Catania fino a piazza Fazio, le colossali statue raggiungeranno Camaro Superiore. \u00c8 previsto nella stessa serata di venerd\u00ec 9 lo spettacolo di animazione dei gruppi folkloristici Fitp, proprio nella piazza centrale di Camaro Superiore. La mattina di domenica 11, sempre con un trasferimento tecnico, i Giganti verranno trasferiti a Camaro Inferiore da dove giorno luned\u00ec 12, alle ore 14.30, orario al quale tutti potranno tranquillamente assistere, partiranno per Piazza Unione Europea. Anche qui, sempre luned\u00ec 12, alle 21, si svolger\u00e0 lo spettacolo di animazione dei gruppi folkloristici Fitp<\/em>\u201d.<br \/>\n<em>\u201c<strong>Ma perch\u00e9 la passeggiata su via Garibaldi \u00e8 consentita e lungo il tragitto da via Catania a Camaro Superiore \u00e8 stata evitata?<\/strong><\/em> <em>Bisogna comprendere<\/em> \u2013 precisano gli assessori \u2013 <em>che si tratta di due tragitti diversi, di complessit\u00e0 diversa per via della conformazione del percorso, ove il primo \u00e8 perpendicolare rispetto allo svincolo autostradale mentre il secondo sarebbe stato in parallelo. Proprio quest\u2019ultima condizione ha creato la problematica maggiore in quanto, per garantire la protezione dell\u2019eventuale corteo a seguito delle statue gigantesche, si sarebbero dovuti posizionare blocchi fisici lungo tutte le intersezioni di viale Europa e di viale della Marina Russa, comportando anche la chiusura dello svincolo autostradale di Messina Centro. Le scelte operate sono state difficili ma proprio perch\u00e9 bisogna garantire a tutti la sicurezza che si \u00e8 pensato ad un trasferimento tecnico delle statue, garantendo gli spettacoli tradizionali proprio sotto i Giganti e assicurando la tradizionale passeggiata lungo la via Garibaldi<\/em>\u201d.<div id=\"div-gpt-ad-Messinaoggi.it-DSK-300x250-corpoart\" style=\"text-align:center;margin:0 auto;\"><\/div><\/p>\n<div id=\"videoincontent\" style=\"clear:both\";><\/div>","protected":false},"excerpt":{"rendered":"<p>\u201cLa sicurezza deve mirare alla tranquillit\u00e0 sociale attraverso la partecipazione civica alla gestione delle attivit\u00e0 quotidiane, ma spesso dirlo \u00e8 facile, applicarlo non sempre lo \u00e8\u201d. Non si \u00e8 fatta attendere la risposta dell\u2019Amministrazione comunale, e in particolare degli assessori alle Tradizioni popolari Giuseppe Scattareggia e alla Protezione Civile Massimiliano Minutoli, alla nota diramata ieri [&hellip;]<\/p>\n","protected":false},"author":8,"featured_media":23260,"comment_status":"closed","ping_status":"open","sticky":false,"template":"","format":"standard","meta":{"ub_ctt_via":"","_mi_skip_tracking":false},"categories":[6],"tags":[],"featured_image_src":"https:\/\/www.messinaoggi.it\/website\/wp-content\/uploads\/2018\/08\/passeggiata-notturna-mata-e-grifone-giganti-1.jpg","author_info":{"display_name":"red..me","author_link":"https:\/\/www.messinaoggi.it\/website\/author\/redstage\/"},"digistream_id":0,"digistream":false,"_links":{"self":[{"href":"https:\/\/www.messinaoggi.it\/website\/wp-json\/wp\/v2\/posts\/35877"}],"collection":[{"href":"https:\/\/www.messinaoggi.it\/website\/wp-json\/wp\/v2\/posts"}],"about":[{"href":"https:\/\/www.messinaoggi.it\/website\/wp-json\/wp\/v2\/types\/post"}],"author":[{"embeddable":true,"href":"https:\/\/www.messinaoggi.it\/website\/wp-json\/wp\/v2\/users\/8"}],"replies":[{"embeddable":true,"href":"https:\/\/www.messinaoggi.it\/website\/wp-json\/wp\/v2\/comments?post=35877"}],"version-history":[{"count":0,"href":"https:\/\/www.messinaoggi.it\/website\/wp-json\/wp\/v2\/posts\/35877\/revisions"}],"wp:featuredmedia":[{"embeddable":true,"href":"https:\/\/www.messinaoggi.it\/website\/wp-json\/wp\/v2\/media\/23260"}],"wp:attachment":[{"href":"https:\/\/www.messinaoggi.it\/website\/wp-json\/wp\/v2\/media?parent=35877"}],"wp:term":[{"taxonomy":"category","embeddable":true,"href":"https:\/\/www.messinaoggi.it\/website\/wp-json\/wp\/v2\/categories?post=35877"},{"taxonomy":"post_tag","embeddable":true,"href":"https:\/\/www.messinaoggi.it\/website\/wp-json\/wp\/v2\/tags?post=35877"}],"curies":[{"name":"wp","href":"https:\/\/api.w.org\/{rel}","templated":true}]}}