{"id":35823,"date":"2019-08-05T15:18:00","date_gmt":"2019-08-05T13:18:00","guid":{"rendered":"https:\/\/www.messinaoggi.it\/website\/?p=35823"},"modified":"2019-08-05T15:18:00","modified_gmt":"2019-08-05T13:18:00","slug":"hospice-papardo-carenza-personale-la-uil-fpl-non-ci-sta-e-si-appella-a-la-paglia","status":"publish","type":"post","link":"https:\/\/www.messinaoggi.it\/website\/2019\/08\/05\/hospice-papardo-carenza-personale-la-uil-fpl-non-ci-sta-e-si-appella-a-la-paglia\/","title":{"rendered":"Hospice Papardo, carenza personale: la Uil-Fpl non ci sta e si appella a La Paglia"},"content":{"rendered":"<p style=\"text-align: justify;\">La Uil-Fpl di Messina, dopo la prima segnalazione al Dg dell\u2019Asp, riguardo la grave caraneza di personale infermieristico ed Oss presso l\u2019Hospice del Papardo, torna sull\u2019argomento dal momento che le problematiche persistono.<div id=\"div-gpt-ad-Messinaoggi.it-DSK-300x250-corpoart\" style=\"text-align:center;margin:0 auto;\"><\/div><\/p>\n<p style=\"text-align: justify;\">\u201c<em>La scrivente organizzazione sindacale \u2013 si legge nella nota indirizzata al Direttore generale dell\u2019Asp e firmata da <strong>Pippo Calapai<\/strong> e <strong>Carmelo Runci<\/strong>, rispettivamente segretario generale e segretario aziendale della Uil-Fpl di Messina -, facendo seguito alla precedente nota a tutt\u2019oggi priva di riscontro, con la quale si denunziava il grave disagio del personale infermieristico ed Oss in servizio presso l\u2019Hospice che, si trova ubicato al 6\u00b0 piano corpo A del Presidio ospedaliero Papardo, \u00e8 venuta a conoscenza che, codesta amministrazione piuttosto che pensare ad implementare il personale mancante cos\u00ec da evitare notevoli sovraccarichi di lavoro tra personale in servizio, e garantire cos\u00ec le necessarie cure ai pazienti ricoverati in fase terminale ai quali occorrono cure palliative e terapia del dolore e che non possono essere trattati a domicilio, ha \u201cconcesso\u201d ben 150 ore di straordinario. Pertanto, per quanto sopra, la Uil-Fpl, in assoluto disaccordo con l\u2019espediente adottato, chiede un autorevole intervento della del Dg dell\u2019Asp, al fine di superare la problematica ristabilendo il numero idoneo di infermieri ed Oss, tali da garantire i livelli adeguati di assistenza ai pazienti particolarmente fragili che, necessitano la giusta e continuativa assistenza per convivere con la malattia e per combattere i sintomi divenuti ormai refrattari ad ogni altro trattamento clinico<\/em>\u201d.<div id=\"videoincontent\" style=\"clear:both\";><\/div><\/p>\n","protected":false},"excerpt":{"rendered":"<p>La Uil-Fpl di Messina, dopo la prima segnalazione al Dg dell\u2019Asp, riguardo la grave caraneza di personale infermieristico ed Oss presso l\u2019Hospice del Papardo, torna sull\u2019argomento dal momento che le problematiche persistono. \u201cLa scrivente organizzazione sindacale \u2013 si legge nella nota indirizzata al Direttore generale dell\u2019Asp e firmata da Pippo Calapai e Carmelo Runci, rispettivamente [&hellip;]<\/p>\n","protected":false},"author":2,"featured_media":3290,"comment_status":"closed","ping_status":"open","sticky":false,"template":"","format":"standard","meta":{"ub_ctt_via":"","_mi_skip_tracking":false},"categories":[6],"tags":[],"featured_image_src":"https:\/\/www.messinaoggi.it\/website\/wp-content\/uploads\/2017\/06\/ospedale-Papardo-ambulanze-messinaoggi-quimessina-2.jpg","author_info":{"display_name":"Redazione","author_link":"https:\/\/www.messinaoggi.it\/website\/author\/redazione\/"},"digistream_id":0,"digistream":false,"_links":{"self":[{"href":"https:\/\/www.messinaoggi.it\/website\/wp-json\/wp\/v2\/posts\/35823"}],"collection":[{"href":"https:\/\/www.messinaoggi.it\/website\/wp-json\/wp\/v2\/posts"}],"about":[{"href":"https:\/\/www.messinaoggi.it\/website\/wp-json\/wp\/v2\/types\/post"}],"author":[{"embeddable":true,"href":"https:\/\/www.messinaoggi.it\/website\/wp-json\/wp\/v2\/users\/2"}],"replies":[{"embeddable":true,"href":"https:\/\/www.messinaoggi.it\/website\/wp-json\/wp\/v2\/comments?post=35823"}],"version-history":[{"count":0,"href":"https:\/\/www.messinaoggi.it\/website\/wp-json\/wp\/v2\/posts\/35823\/revisions"}],"wp:featuredmedia":[{"embeddable":true,"href":"https:\/\/www.messinaoggi.it\/website\/wp-json\/wp\/v2\/media\/3290"}],"wp:attachment":[{"href":"https:\/\/www.messinaoggi.it\/website\/wp-json\/wp\/v2\/media?parent=35823"}],"wp:term":[{"taxonomy":"category","embeddable":true,"href":"https:\/\/www.messinaoggi.it\/website\/wp-json\/wp\/v2\/categories?post=35823"},{"taxonomy":"post_tag","embeddable":true,"href":"https:\/\/www.messinaoggi.it\/website\/wp-json\/wp\/v2\/tags?post=35823"}],"curies":[{"name":"wp","href":"https:\/\/api.w.org\/{rel}","templated":true}]}}