{"id":35670,"date":"2019-08-01T10:32:36","date_gmt":"2019-08-01T08:32:36","guid":{"rendered":"https:\/\/www.messinaoggi.it\/website\/?p=35670"},"modified":"2019-08-01T10:32:36","modified_gmt":"2019-08-01T08:32:36","slug":"lettura-contatori-amam-gioveni-quale-futuro-per-il-servizio-e-i-lavoratori","status":"publish","type":"post","link":"https:\/\/www.messinaoggi.it\/website\/2019\/08\/01\/lettura-contatori-amam-gioveni-quale-futuro-per-il-servizio-e-i-lavoratori\/","title":{"rendered":"Lettura contatori Amam, Gioveni: Quale futuro per il servizio e i lavoratori?&quot;"},"content":{"rendered":"<p>L\u2019esponente del Pd in Consiglio Comunale Libero Gioveni \u00e8 intervenuto sulla vicenda relativa al servizio di lettura dei contatori Amam, che originariamente era stato affidato a una societ\u00e0 terza e che ad oggi risulta essere interrotto. Infatti, nei giorni scorsi a Palazzo Zanca si \u00e8 tenuto un sit-in di protesta da parte dei dodici lavoratori impiegati dalla suddetta societ\u00e0 nell\u2019ambito di tale servizio, in quanto attualmente sono disoccupati e, dunque, preoccupati per il loro futuro lavorativo. Da qui la proposta avanzata da Gioveni al presidente di Amam nell\u2019ambito di un\u2019apposita nota: il consigliere comunale ha suggerito di riprendere e internalizzare il servizio di lettura dei contatori, tentando di acquisire al contempo i dodici lavoratori in esame che, nel corso degli ultimi anni, hanno di certo imparato a padroneggiare le diverse utenze censite.<br \/>\n\u201c<em>Ad onor del vero,<\/em> &#8211; precisa Gioveni &#8211; <em>da fonti sindacali sembra che il loro impiego a breve dovrebbe risultare scontato attraverso una clausola di salvaguardia posta in essere da Amam nel nuovo bando per l\u2019affidamento del servizio. Tuttavia, <\/em>&#8211; prosegue il consigliere comunale &#8211; <em>a parere del sottoscritto, cos\u00ec come auspicato nei mesi scorsi in Commissione consiliare alla presenza dei vertici della societ\u00e0 terza, sarebbe certamente opportuno e probabilmente pi\u00f9 conveniente per Amam procedere all\u2019internalizzazione del servizio, tentando di acquisire, attraverso un bando ad evidenza pubblica, anche queste professionalit\u00e0 che ormai risultano \u2018padroni\u2019 del servizio e di tutte le utenze censite e dislocate nell\u2019intero vasto territorio comunale<\/em>\u201d.<div id=\"div-gpt-ad-Messinaoggi.it-DSK-300x250-corpoart\" style=\"text-align:center;margin:0 auto;\"><\/div><\/p>\n<div id=\"videoincontent\" style=\"clear:both\";><\/div>","protected":false},"excerpt":{"rendered":"<p>L\u2019esponente del Pd in Consiglio Comunale Libero Gioveni \u00e8 intervenuto sulla vicenda relativa al servizio di lettura dei contatori Amam, che originariamente era stato affidato a una societ\u00e0 terza e che ad oggi risulta essere interrotto. Infatti, nei giorni scorsi a Palazzo Zanca si \u00e8 tenuto un sit-in di protesta da parte dei dodici lavoratori [&hellip;]<\/p>\n","protected":false},"author":8,"featured_media":1679,"comment_status":"closed","ping_status":"open","sticky":false,"template":"","format":"standard","meta":{"ub_ctt_via":"","_mi_skip_tracking":false},"categories":[4],"tags":[],"featured_image_src":"https:\/\/www.messinaoggi.it\/website\/wp-content\/uploads\/2017\/06\/Amam-sede-2.jpg","author_info":{"display_name":"red..me","author_link":"https:\/\/www.messinaoggi.it\/website\/author\/redstage\/"},"digistream_id":0,"digistream":false,"_links":{"self":[{"href":"https:\/\/www.messinaoggi.it\/website\/wp-json\/wp\/v2\/posts\/35670"}],"collection":[{"href":"https:\/\/www.messinaoggi.it\/website\/wp-json\/wp\/v2\/posts"}],"about":[{"href":"https:\/\/www.messinaoggi.it\/website\/wp-json\/wp\/v2\/types\/post"}],"author":[{"embeddable":true,"href":"https:\/\/www.messinaoggi.it\/website\/wp-json\/wp\/v2\/users\/8"}],"replies":[{"embeddable":true,"href":"https:\/\/www.messinaoggi.it\/website\/wp-json\/wp\/v2\/comments?post=35670"}],"version-history":[{"count":0,"href":"https:\/\/www.messinaoggi.it\/website\/wp-json\/wp\/v2\/posts\/35670\/revisions"}],"wp:featuredmedia":[{"embeddable":true,"href":"https:\/\/www.messinaoggi.it\/website\/wp-json\/wp\/v2\/media\/1679"}],"wp:attachment":[{"href":"https:\/\/www.messinaoggi.it\/website\/wp-json\/wp\/v2\/media?parent=35670"}],"wp:term":[{"taxonomy":"category","embeddable":true,"href":"https:\/\/www.messinaoggi.it\/website\/wp-json\/wp\/v2\/categories?post=35670"},{"taxonomy":"post_tag","embeddable":true,"href":"https:\/\/www.messinaoggi.it\/website\/wp-json\/wp\/v2\/tags?post=35670"}],"curies":[{"name":"wp","href":"https:\/\/api.w.org\/{rel}","templated":true}]}}