{"id":3564,"date":"2017-06-27T18:58:25","date_gmt":"2017-06-27T16:58:25","guid":{"rendered":"http:\/\/www.messinaoggi.it\/website\/?p=3564"},"modified":"2017-06-27T18:58:25","modified_gmt":"2017-06-27T16:58:25","slug":"sanita-salta-il-dg-del-papardo-michele-vullo","status":"publish","type":"post","link":"https:\/\/www.messinaoggi.it\/website\/2017\/06\/27\/sanita-salta-il-dg-del-papardo-michele-vullo\/","title":{"rendered":"Sanit\u00e0, salta il dg del Papardo Michele Vullo"},"content":{"rendered":"<p>Michele Vullo lascia la direzione del Papardo. Il governo regionale questo pomeriggio ha deciso di non prolungare l\u2019incarico al manager di Caltanissetta, al suo posto arriver\u00e0 la dirigente del Dipartimento regionale Sanit\u00e0 Letizia Diliberti.<br \/>\nMichele Vullo dei nove manager in scadenza di contratto in Sicilia \u00e8 stato l\u2019unico a non essere stato confermato dal governo Crocetta. Alla fine, l\u2019ormai ex dg del Papardo ha pagato la \u201cguerra\u201d intrapresa dai sindacati Uil-Fpl e ANAAO-Assomed, i quali hanno sostenuto che Vullo non avesse maturato i titoli.<br \/>\nQuesto particolare deve avere inciso in maniera determinante sulla sua riconferma. Come si ricorder\u00e0, della vicenda s\u2019\u00e8 occupata anche la Commissione parlamentare Antimafia che nel mese di febbraio apr\u00ec una istruttoria sull\u2019argomento.<div id=\"div-gpt-ad-Messinaoggi.it-DSK-300x250-corpoart\" style=\"text-align:center;margin:0 auto;\"><\/div><\/p>\n<div id=\"videoincontent\" style=\"clear:both\";><\/div>","protected":false},"excerpt":{"rendered":"<p>Michele Vullo lascia la direzione del Papardo. Il governo regionale questo pomeriggio ha deciso di non prolungare l\u2019incarico al manager di Caltanissetta, al suo posto arriver\u00e0 la dirigente del Dipartimento regionale Sanit\u00e0 Letizia Diliberti. Michele Vullo dei nove manager in scadenza di contratto in Sicilia \u00e8 stato l\u2019unico a non essere stato confermato dal governo [&hellip;]<\/p>\n","protected":false},"author":2,"featured_media":1572,"comment_status":"closed","ping_status":"open","sticky":false,"template":"","format":"standard","meta":{"ub_ctt_via":"","_mi_skip_tracking":false},"categories":[19],"tags":[],"featured_image_src":"https:\/\/www.messinaoggi.it\/website\/wp-content\/uploads\/2017\/06\/Vullo-Michele-3.jpg","author_info":{"display_name":"Redazione","author_link":"https:\/\/www.messinaoggi.it\/website\/author\/redazione\/"},"digistream_id":0,"digistream":false,"_links":{"self":[{"href":"https:\/\/www.messinaoggi.it\/website\/wp-json\/wp\/v2\/posts\/3564"}],"collection":[{"href":"https:\/\/www.messinaoggi.it\/website\/wp-json\/wp\/v2\/posts"}],"about":[{"href":"https:\/\/www.messinaoggi.it\/website\/wp-json\/wp\/v2\/types\/post"}],"author":[{"embeddable":true,"href":"https:\/\/www.messinaoggi.it\/website\/wp-json\/wp\/v2\/users\/2"}],"replies":[{"embeddable":true,"href":"https:\/\/www.messinaoggi.it\/website\/wp-json\/wp\/v2\/comments?post=3564"}],"version-history":[{"count":0,"href":"https:\/\/www.messinaoggi.it\/website\/wp-json\/wp\/v2\/posts\/3564\/revisions"}],"wp:featuredmedia":[{"embeddable":true,"href":"https:\/\/www.messinaoggi.it\/website\/wp-json\/wp\/v2\/media\/1572"}],"wp:attachment":[{"href":"https:\/\/www.messinaoggi.it\/website\/wp-json\/wp\/v2\/media?parent=3564"}],"wp:term":[{"taxonomy":"category","embeddable":true,"href":"https:\/\/www.messinaoggi.it\/website\/wp-json\/wp\/v2\/categories?post=3564"},{"taxonomy":"post_tag","embeddable":true,"href":"https:\/\/www.messinaoggi.it\/website\/wp-json\/wp\/v2\/tags?post=3564"}],"curies":[{"name":"wp","href":"https:\/\/api.w.org\/{rel}","templated":true}]}}