{"id":35634,"date":"2019-07-31T12:55:58","date_gmt":"2019-07-31T10:55:58","guid":{"rendered":"https:\/\/www.messinaoggi.it\/website\/?p=35634"},"modified":"2019-07-31T12:55:58","modified_gmt":"2019-07-31T10:55:58","slug":"furs-de-domenico-destinare-ulteriori-risorse-agli-enti-privati","status":"publish","type":"post","link":"https:\/\/www.messinaoggi.it\/website\/2019\/07\/31\/furs-de-domenico-destinare-ulteriori-risorse-agli-enti-privati\/","title":{"rendered":"Furs, De Domenico: &quot;Destinare ulteriori risorse agli enti privati&quot;"},"content":{"rendered":"<p>\u201c<em>Ho chiesto che siano valorizzate le attivit\u00e0 di enti privati come l\u2019Accademia Filarmonica di Messina, in quanto il Fondo unico regionale per lo spettacolo (Furs), sebbene preveda che i finanziamenti debbano essere destinati in egual misura tanto agli enti pubblici quanto a quelli privati, presenta una riserva destinata ai soli enti pubblici, che spesso esaurisce quasi del tutto le risorse a scapito degli enti privati<\/em>\u201d. \u00c8 quanto dichiarato dall\u2019esponente del Pd all\u2019Ars Franco De Domenico, il quale pertanto ha interrogato il presidente regionale Nello Musumeci per conoscere le sue intenzioni circa la possibilit\u00e0 incrementare le risorse destinate al Furs, avente il fine tra le altre cose di supportare gli enti pubblici e privati siciliani impegnati nella diffusione della cultura musicale.<br \/>\n\u201c<em>Le risorse che la nostra Regione destina alla divulgazione della cultura musicale,<\/em> &#8211; afferma De Domenico &#8211; <em>sono ogni anno pi\u00f9 scarse e, comunque, insufficienti a dare risposte adeguate ad un settore che, in altre realt\u00e0 territoriali, \u00e8 destinatario di ben altre attenzioni. Per questo motivo, ho interrogato il presidente della Regione per sapere quali misure concrete intenda adottare affinch\u00e9 le associazioni concertistiche, maggiormente rappresentative e di comprovata stabilit\u00e0 ed esperienza pluriennale, possano svolgere con dignit\u00e0 e decoro le attivit\u00e0 culturali previste dalla legge.<\/em><br \/>\n&#8220;<em>Orbene ritengo indispensabile incrementare le risorse che il Furs attribuisce a enti privati, che spesso in tante realt\u00e0 territoriali sopperiscono alle carenze di programmazione degli enti pubblici, favorendo la ricerca, la conoscenza e l&#8217;ampia divulgazione della cultura musicale nel proprio territorio, altrimenti assolutamente insufficienti<\/em>&#8220;.<div id=\"div-gpt-ad-Messinaoggi.it-DSK-300x250-corpoart\" style=\"text-align:center;margin:0 auto;\"><\/div><\/p>\n<div id=\"videoincontent\" style=\"clear:both\";><\/div>","protected":false},"excerpt":{"rendered":"<p>\u201cHo chiesto che siano valorizzate le attivit\u00e0 di enti privati come l\u2019Accademia Filarmonica di Messina, in quanto il Fondo unico regionale per lo spettacolo (Furs), sebbene preveda che i finanziamenti debbano essere destinati in egual misura tanto agli enti pubblici quanto a quelli privati, presenta una riserva destinata ai soli enti pubblici, che spesso esaurisce [&hellip;]<\/p>\n","protected":false},"author":8,"featured_media":35427,"comment_status":"closed","ping_status":"open","sticky":false,"template":"","format":"standard","meta":{"ub_ctt_via":"","_mi_skip_tracking":false},"categories":[11],"tags":[],"featured_image_src":"https:\/\/www.messinaoggi.it\/website\/wp-content\/uploads\/2019\/07\/franco-de-domenico.jpg","author_info":{"display_name":"red..me","author_link":"https:\/\/www.messinaoggi.it\/website\/author\/redstage\/"},"digistream_id":0,"digistream":false,"_links":{"self":[{"href":"https:\/\/www.messinaoggi.it\/website\/wp-json\/wp\/v2\/posts\/35634"}],"collection":[{"href":"https:\/\/www.messinaoggi.it\/website\/wp-json\/wp\/v2\/posts"}],"about":[{"href":"https:\/\/www.messinaoggi.it\/website\/wp-json\/wp\/v2\/types\/post"}],"author":[{"embeddable":true,"href":"https:\/\/www.messinaoggi.it\/website\/wp-json\/wp\/v2\/users\/8"}],"replies":[{"embeddable":true,"href":"https:\/\/www.messinaoggi.it\/website\/wp-json\/wp\/v2\/comments?post=35634"}],"version-history":[{"count":0,"href":"https:\/\/www.messinaoggi.it\/website\/wp-json\/wp\/v2\/posts\/35634\/revisions"}],"wp:featuredmedia":[{"embeddable":true,"href":"https:\/\/www.messinaoggi.it\/website\/wp-json\/wp\/v2\/media\/35427"}],"wp:attachment":[{"href":"https:\/\/www.messinaoggi.it\/website\/wp-json\/wp\/v2\/media?parent=35634"}],"wp:term":[{"taxonomy":"category","embeddable":true,"href":"https:\/\/www.messinaoggi.it\/website\/wp-json\/wp\/v2\/categories?post=35634"},{"taxonomy":"post_tag","embeddable":true,"href":"https:\/\/www.messinaoggi.it\/website\/wp-json\/wp\/v2\/tags?post=35634"}],"curies":[{"name":"wp","href":"https:\/\/api.w.org\/{rel}","templated":true}]}}