{"id":35560,"date":"2019-07-29T19:02:08","date_gmt":"2019-07-29T17:02:08","guid":{"rendered":"https:\/\/www.messinaoggi.it\/website\/?p=35560"},"modified":"2019-07-29T19:02:08","modified_gmt":"2019-07-29T17:02:08","slug":"querelle-liste-proscrizione-la-uil-alla-carrubba-la-toppa-e-peggiore-del-buco","status":"publish","type":"post","link":"https:\/\/www.messinaoggi.it\/website\/2019\/07\/29\/querelle-liste-proscrizione-la-uil-alla-carrubba-la-toppa-e-peggiore-del-buco\/","title":{"rendered":"Querelle liste proscrizione, la Uil alla Carrubba: La toppa \u00e8 peggiore del buco"},"content":{"rendered":"<p class=\"s6\"><span class=\"s5\"><span class=\"bumpedFont15\">\u201cLa toppa \u00e8 decisamente peggiore del buco. La confusa e scomposta replica della Segretaria generale-Direttore generale del comune di Messina &#8211; riguardo la nostra sacrosanta denuncia pubblica in merito alla disposizione che la stessa ha inviato ai Dirigenti comunali al fine di schedare i lavoratori &#8211; rappresenta un inutile tentativo di cambiare le carte in tavola rispetto ad atti <\/span><\/span><span class=\"s5\"><span class=\"bumpedFont15\">ufficiali<\/span><\/span><span class=\"s5\"><span class=\"bumpedFont15\"> che<\/span><\/span> <span class=\"s5\"><span class=\"bumpedFont15\">inchiodano pesantemente<\/span><\/span><span class=\"s5\"><span class=\"bumpedFont15\">i vertici di Palazzo Zanca<\/span><\/span><span class=\"s5\"><span class=\"bumpedFont15\">\u201d lo hanno affermato Ivan Tripodi, Segretario generale Uil Messina, Pippo Calapai, Segretario generale Uil Fpl, ed Emilio Di Stefano, Segretario aziendale.<\/span><\/span><div id=\"div-gpt-ad-Messinaoggi.it-DSK-300x250-corpoart\" style=\"text-align:center;margin:0 auto;\"><\/div><\/p>\n<p class=\"s6\"><span class=\"s5\"><span class=\"bumpedFont15\">\u201cLa Segretaria generale-Direttore generale avrebbe fatto una <\/span><\/span><span class=\"s5\"><span class=\"bumpedFont15\">splendida<\/span><\/span><span class=\"s5\"><span class=\"bumpedFont15\">figura se avesse semplicemente chiesto scusa rispetto ad un macroscopico erro<\/span><\/span><span class=\"s5\"><span class=\"bumpedFont15\">re commesso. Invece no: l<\/span><\/span><span class=\"s5\"><span class=\"bumpedFont15\">a stessa si \u00e8 infilata in un debole e puerile tentativo finalizzato a modificare i termini chiarissimi della scottante e delicata questione da noi sollevata. <\/span><\/span><span class=\"s5\"><span class=\"bumpedFont15\">Infatti, a<\/span><\/span><span class=\"s5\"><span class=\"bumpedFont15\"> seguito della denuncia della Uil, la Segretaria generale-Direttore generale ha inutilmente cercato di confondere le acque poich\u00e9 il discutibile contenuto della nota formale inviata ai Dirigenti lascia poco spazio alle interpretazioni e non \u00e8 emendabile con posteriori spiegazioni <\/span><\/span><span class=\"s5\"><span class=\"bumpedFont15\">interpretative <\/span><\/span><span class=\"s5\"><span class=\"bumpedFont15\">e richiami legislativi che cercano di sfuggire dal merito di quanto formalmente scolpito nella comunicazione inviata<\/span><\/span><span class=\"s5\"><span class=\"bumpedFont15\">. Come si suol dire:<\/span><\/span><span class=\"s5\"><span class=\"bumpedFont15\"> carta canta!!<\/span><\/span><span class=\"s5\"><span class=\"bumpedFont15\">\u201d hanno proseguito i sindacalisti.<\/span><\/span><div id=\"videoincontent\" style=\"clear:both\";><\/div><\/p>\n<p class=\"s6\"><span class=\"s5\"><span class=\"bumpedFont15\">\u201c<\/span><\/span><span class=\"s5\"><span class=\"bumpedFont15\">N<\/span><\/span><span class=\"s5\"><span class=\"bumpedFont15\">ella disposizione diramata dalla Segretaria generale-Direttore generale, in perfetta <\/span><\/span><span class=\"s5\"><span class=\"bumpedFont15\">sintonia<\/span><\/span><span class=\"s5\"><span class=\"bumpedFont15\"> con gli indirizzi amministrativi <\/span><\/span><span class=\"s5\"><span class=\"bumpedFont15\">che caratterizzano il<\/span><\/span><span class=\"s5\"><span class=\"bumpedFont15\"> fallimentare sindaco De Luca, \u00e8 testualmente scritto che \u00e8 \u201c<\/span><\/span><span class=\"s7\"><span class=\"bumpedFont15\">a conoscenza della <\/span><\/span><span class=\"s7\"><span class=\"bumpedFont15\">presenza in servizio di numerosi dipendenti che a causa di disturbi del comportamento gravi, evidenti e ripetuti, si ritiene che abbiano un\u2019inidoneit\u00e0 psichica permanente assoluta e relativ<\/span><\/span><span class=\"s7\"><span class=\"bumpedFont15\">a al<\/span><\/span><span class=\"s7\"><span class=\"bumpedFont15\"> servizi<\/span><\/span><span class=\"s7\"><span class=\"bumpedFont15\">o<\/span><\/span><span class=\"s7\"><span class=\"bumpedFont15\">\u201d<\/span><\/span><span class=\"s5\"><span class=\"bumpedFont15\">. E ancora, come se non bastasse, \u201c<\/span><\/span><span class=\"s7\"><span class=\"bumpedFont15\">al fine di procedere all\u2019avvio del procedimento di verifica\u00a0<\/span><\/span><span class=\"s7\"><span class=\"bumpedFont15\">dell\u2019idoneit\u00e0 al servizio\u00a0<\/span><\/span><span class=\"s8\"><span class=\"bumpedFont15\">chiede di comunicare i nominativi del personale assegnato che presenti le caratteristiche citate<\/span><\/span><span class=\"s5\"><span class=\"bumpedFont15\">\u201c. Insomma, si\u00a0tratta di richieste arbitrarie <\/span><\/span><span class=\"s5\"><span class=\"bumpedFont15\">basate su valutazioni altrettanto arbitrarie <\/span><\/span><span class=\"s5\"><span class=\"bumpedFont15\">che non hanno nulla a che vedere con quanto pr<\/span><\/span><span class=\"s5\"><span class=\"bumpedFont15\">evisto dalle specifiche <\/span><\/span><span class=\"s5\"><span class=\"bumpedFont15\">leggi<\/span><\/span><span class=\"s5\"><span class=\"bumpedFont15\">, <\/span><\/span><span class=\"s5\"><span class=\"bumpedFont15\">dalle <\/span><\/span><span class=\"s5\"><span class=\"bumpedFont15\">norme<\/span><\/span><span class=\"s5\"><span class=\"bumpedFont15\"> in materia<\/span><\/span><span class=\"s5\"><span class=\"bumpedFont15\"> e dalle previsioni sulla privacy<\/span><\/span><span class=\"s5\"><span class=\"bumpedFont15\">. Pertanto, pensare di mistificare i fatti, limpidi ed incontrovertibili,<\/span><\/span><span class=\"s5\"><span class=\"bumpedFont15\"> conferma l\u2019eccezionale gravit\u00e0<\/span><\/span><span class=\"s5\"><span class=\"bumpedFont15\">\u00a0del testo della comunicazione. In tal senso, ribadiamo la nostra indignazione poich\u00e8 \u00e8 inammissibile, oltre che <\/span><\/span><span class=\"s7\"><span class=\"bumpedFont15\">contra legem<\/span><\/span><span class=\"s5\"><span class=\"bumpedFont15\">, pensare di costruire moderne liste di proscrizione dei dipendenti comunali, dal tragico sapore nostalgico di periodi nefasti della storia dell\u2019umanit\u00e0, basandosi su valutazioni <\/span><\/span><span class=\"s5\"><span class=\"bumpedFont15\">soggettive<\/span><\/span> <span class=\"s5\"><span class=\"bumpedFont15\">decise a tavolino in maniera discrezionale\u00a0o per consumare vendette<\/span><\/span><span class=\"s5\"><span class=\"bumpedFont15\"> personali<\/span><\/span><span class=\"s5\"><span class=\"bumpedFont15\">\u201c <\/span><\/span><span class=\"s5\"><span class=\"bumpedFont15\">hanno continuato Tripodi, Calapai e Di Stefano.<\/span><\/span><\/p>\n<p class=\"s6\"><span class=\"s5\"><span class=\"bumpedFont15\">\u201cInfine, desideriamo informare <\/span><\/span><span class=\"s5\"><span class=\"bumpedFont15\">i vertici di Palazzo Zanca<\/span><\/span><span class=\"s5\"><span class=\"bumpedFont15\"> che la Uil, organizzazione sindacale che rappresenta milioni di lavoratori e pensionati, non si \u00e8 mai fatta intimidire, n\u00e9 lo far\u00e1 adesso a Messina. Continueremo a svolgere, senza se e senza ma, il nostro ruolo, costituzionalmente <\/span><\/span><span class=\"s5\"><span class=\"bumpedFont15\">previsto e <\/span><\/span><span class=\"s5\"><span class=\"bumpedFont15\">garantito, di difesa dei diritti delle lavoratrici e dei lavoratori poich\u00e9 non sar\u00e0 certo qualche sindaco o <\/span><\/span><span class=\"s5\"><span class=\"bumpedFont15\">qualsivoglia burocrate<\/span><\/span><span class=\"s5\"><span class=\"bumpedFont15\"> a metterci la muse<\/span><\/span><span class=\"s5\"><span class=\"bumpedFont15\">ruola o a ridurci al silenzio. Quindi, a<\/span><\/span><span class=\"s5\"><span class=\"bumpedFont15\"> buon intenditore poche parole&#8230;\u201c hanno concluso Ivan Tripodi, Segretario generale Uil Messina, Pippo Calapai, Segretario generale Uil Fpl, ed Emilio Di Stefano, Segretario aziendale.<\/span><\/span><\/p>\n","protected":false},"excerpt":{"rendered":"<p>\u201cLa toppa \u00e8 decisamente peggiore del buco. La confusa e scomposta replica della Segretaria generale-Direttore generale del comune di Messina &#8211; riguardo la nostra sacrosanta denuncia pubblica in merito alla disposizione che la stessa ha inviato ai Dirigenti comunali al fine di schedare i lavoratori &#8211; rappresenta un inutile tentativo di cambiare le carte in [&hellip;]<\/p>\n","protected":false},"author":2,"featured_media":33613,"comment_status":"closed","ping_status":"open","sticky":false,"template":"","format":"standard","meta":{"ub_ctt_via":"","_mi_skip_tracking":false},"categories":[6],"tags":[],"featured_image_src":"https:\/\/www.messinaoggi.it\/website\/wp-content\/uploads\/2019\/06\/8D23C2E4-DE30-44F1-B1FE-05C48E9F7F14.jpeg","author_info":{"display_name":"Redazione","author_link":"https:\/\/www.messinaoggi.it\/website\/author\/redazione\/"},"digistream_id":0,"digistream":false,"_links":{"self":[{"href":"https:\/\/www.messinaoggi.it\/website\/wp-json\/wp\/v2\/posts\/35560"}],"collection":[{"href":"https:\/\/www.messinaoggi.it\/website\/wp-json\/wp\/v2\/posts"}],"about":[{"href":"https:\/\/www.messinaoggi.it\/website\/wp-json\/wp\/v2\/types\/post"}],"author":[{"embeddable":true,"href":"https:\/\/www.messinaoggi.it\/website\/wp-json\/wp\/v2\/users\/2"}],"replies":[{"embeddable":true,"href":"https:\/\/www.messinaoggi.it\/website\/wp-json\/wp\/v2\/comments?post=35560"}],"version-history":[{"count":0,"href":"https:\/\/www.messinaoggi.it\/website\/wp-json\/wp\/v2\/posts\/35560\/revisions"}],"wp:featuredmedia":[{"embeddable":true,"href":"https:\/\/www.messinaoggi.it\/website\/wp-json\/wp\/v2\/media\/33613"}],"wp:attachment":[{"href":"https:\/\/www.messinaoggi.it\/website\/wp-json\/wp\/v2\/media?parent=35560"}],"wp:term":[{"taxonomy":"category","embeddable":true,"href":"https:\/\/www.messinaoggi.it\/website\/wp-json\/wp\/v2\/categories?post=35560"},{"taxonomy":"post_tag","embeddable":true,"href":"https:\/\/www.messinaoggi.it\/website\/wp-json\/wp\/v2\/tags?post=35560"}],"curies":[{"name":"wp","href":"https:\/\/api.w.org\/{rel}","templated":true}]}}