{"id":35527,"date":"2019-07-29T09:29:30","date_gmt":"2019-07-29T07:29:30","guid":{"rendered":"https:\/\/www.messinaoggi.it\/website\/?p=35527"},"modified":"2019-07-29T09:29:30","modified_gmt":"2019-07-29T07:29:30","slug":"ospedale-mistretta-de-domenico-si-attivino-tutti-i-reparti","status":"publish","type":"post","link":"https:\/\/www.messinaoggi.it\/website\/2019\/07\/29\/ospedale-mistretta-de-domenico-si-attivino-tutti-i-reparti\/","title":{"rendered":"Ospedale Mistretta, De Domenico: &quot;Si attivino tutti i reparti&quot;"},"content":{"rendered":"<p style=\"font-weight: 400; text-align: justify;\">&#8220;Nei giorni scorsi, nella mia qualit\u00e0 di segretario della Commissione Salute dell&#8217;Ars, ho voluto constatare di persona le condizioni del presidio ospedaliero SS. Salvatore di Mistretta, che copre un bacino di utenza, prevalentemente montana, di oltre 25.000 abitanti. Un ospedale in zona disagiata che da tempo subisce un progressivo depauperamento di risorse, sia umane che tecniche. Integrato al presidio i reparti della Fondazione Maugeri, una eccellenza nella riabilitazione, centro di riferimento regionale della SLA, gestito da privati in convenzione con l&#8217;Asp&#8221;.<div id=\"div-gpt-ad-Messinaoggi.it-DSK-300x250-corpoart\" style=\"text-align:center;margin:0 auto;\"><\/div><\/p>\n<p style=\"text-align: justify;\">Lo scrive in una nota il parlamentare regionale, Franco De Domenico (PD).<div id=\"videoincontent\" style=\"clear:both\";><\/div><\/p>\n<p style=\"font-weight: 400; text-align: justify;\">&#8220;In Commissione Sanit\u00e0, discutendo la nuova rete ospedaliera, ci siamo battuti per restituire dignit\u00e0 a questo presidio, prevedendo reparti storicamente presenti quale l&#8217;ortopedia, la geriatria e una vera chirurgia, nonch\u00e9 servizi per i quali c&#8217;\u00e8 una forte domanda nel territorio. Non sono soddisfatto di come ho trovato l\u2019ospedale di Mistretta n\u00e9 dei servizi erogati \u2013 ha dichiarato l\u2019on.le Franco De Domenico del PD \u2013 e ho preso l\u2019impegno con la comunit\u00e0 Mistrettese di farmi promotore sia in commissione salute, che presso l&#8217;assessorato competente e il direttore generale dell&#8217;Asp di Messina, affinch\u00e9 siano attivati tutti i reparti e i servizi previsti nella rete, ma anche quei servizi necessari (per esempio un servizio anche ambulatoriale di ostetricia e ginecologia per assistere tutte le donne senza costringerle a travagliati trasferimenti) ad una comunit\u00e0, perch\u00e9 la salute \u00e8 un diritto di tutti senza discriminazioni territoriali n\u00e9 reddituali. D\u2019altronde l\u2019ospedale di Mistretta \u00e8 classificato presidio di base, posto in zona disagiata, e, come per l\u2019ospedale di Lipari, la stessa legge Balduzzi, prevede la possibilit\u00e0 di deroghe ai rigidi parametri quantitativi&#8221;.<\/p>\n<p style=\"text-align: justify;\">Aggiunge il parlamentare regionale messinese.<\/p>\n<p style=\"text-align: justify;\">&#8220;Come \u00e8 mio costume \u2013 conclude De Domenico &#8211; agir\u00f2 con determinazione e perseveranza, forte delle informazioni acquisite sul campo, ascoltando tutti gli operatori, dai medici agli ausiliari, dai dirigenti a sindacalisti e agli utenti, senza polemiche, senza sbraitare e senza clamore, perch\u00e9 l\u2019unica politica che so fare \u00e8 quella dell\u2019impegno quotidiano. Alle chiacchiere e ai proclami, che servono solo a chi le fa e non alle comunit\u00e0 che siamo chiamati a servire e non a servircene, preferisco i fatti&#8221;.<\/p>\n","protected":false},"excerpt":{"rendered":"<p>&#8220;Nei giorni scorsi, nella mia qualit\u00e0 di segretario della Commissione Salute dell&#8217;Ars, ho voluto constatare di persona le condizioni del presidio ospedaliero SS. Salvatore di Mistretta, che copre un bacino di utenza, prevalentemente montana, di oltre 25.000 abitanti. Un ospedale in zona disagiata che da tempo subisce un progressivo depauperamento di risorse, sia umane che [&hellip;]<\/p>\n","protected":false},"author":2,"featured_media":35528,"comment_status":"closed","ping_status":"open","sticky":false,"template":"","format":"standard","meta":{"ub_ctt_via":"","_mi_skip_tracking":false},"categories":[4],"tags":[],"featured_image_src":"https:\/\/www.messinaoggi.it\/website\/wp-content\/uploads\/2019\/07\/mistretta-4.jpeg","author_info":{"display_name":"Redazione","author_link":"https:\/\/www.messinaoggi.it\/website\/author\/redazione\/"},"digistream_id":0,"digistream":false,"_links":{"self":[{"href":"https:\/\/www.messinaoggi.it\/website\/wp-json\/wp\/v2\/posts\/35527"}],"collection":[{"href":"https:\/\/www.messinaoggi.it\/website\/wp-json\/wp\/v2\/posts"}],"about":[{"href":"https:\/\/www.messinaoggi.it\/website\/wp-json\/wp\/v2\/types\/post"}],"author":[{"embeddable":true,"href":"https:\/\/www.messinaoggi.it\/website\/wp-json\/wp\/v2\/users\/2"}],"replies":[{"embeddable":true,"href":"https:\/\/www.messinaoggi.it\/website\/wp-json\/wp\/v2\/comments?post=35527"}],"version-history":[{"count":0,"href":"https:\/\/www.messinaoggi.it\/website\/wp-json\/wp\/v2\/posts\/35527\/revisions"}],"wp:featuredmedia":[{"embeddable":true,"href":"https:\/\/www.messinaoggi.it\/website\/wp-json\/wp\/v2\/media\/35528"}],"wp:attachment":[{"href":"https:\/\/www.messinaoggi.it\/website\/wp-json\/wp\/v2\/media?parent=35527"}],"wp:term":[{"taxonomy":"category","embeddable":true,"href":"https:\/\/www.messinaoggi.it\/website\/wp-json\/wp\/v2\/categories?post=35527"},{"taxonomy":"post_tag","embeddable":true,"href":"https:\/\/www.messinaoggi.it\/website\/wp-json\/wp\/v2\/tags?post=35527"}],"curies":[{"name":"wp","href":"https:\/\/api.w.org\/{rel}","templated":true}]}}