{"id":3546,"date":"2017-06-27T17:10:38","date_gmt":"2017-06-27T15:10:38","guid":{"rendered":"http:\/\/www.messinaoggi.it\/website\/?p=3546"},"modified":"2017-06-27T17:10:38","modified_gmt":"2017-06-27T15:10:38","slug":"dal-pd-a-forza-italia-il-caso-genovese-raccontato-dali-media-sabato-alla-feltrinelli","status":"publish","type":"post","link":"https:\/\/www.messinaoggi.it\/website\/2017\/06\/27\/dal-pd-a-forza-italia-il-caso-genovese-raccontato-dali-media-sabato-alla-feltrinelli\/","title":{"rendered":"&quot;Dal PD a Forza Italia: il caso Genovese raccontato dai media&quot;, sabato alla Feltrinelli"},"content":{"rendered":"<p> <div id=\"div-gpt-ad-Messinaoggi.it-DSK-300x250-corpoart\" style=\"text-align:center;margin:0 auto;\"><\/div><\/p>\n<p style=\"text-align: justify\">Si terr\u00e0, appunto,\u00a0 sabato 1 Luglio alle 17, presso la Libreria Feltrinelli (Via Ghibellina, 32) la presentazione del libro della giornalista Lilly La Fauci.<div id=\"videoincontent\" style=\"clear:both\";><\/div><\/p>\n<p style=\"text-align: justify\">Si tratta della storia politica dell&#8217;onorevole Francantonio Genovese, con particolare attenzione a come \u00e8 stato trattato dai media il suo passaggio dal Partito Democratico a Forza Italia (dicembre 2015). Quella che, inizialmente, \u00e8 potuta sembrare una &#8220;prova di forza&#8221; del politico messinese, ha attirato l&#8217;interesse della stampa, anche nazionale e concentrata sulla &#8220;fuga di massa&#8221; dal PD dei suoi fedelissimi. Il lavoro di ricerca \u00e8 arricchito dall\u2019intervista allo stesso Francantonio Genovese rilasciata all\u2019autrice, analizza la vicenda nei minimi particolari, anche grazie al contributo di alcuni giornalisti che hanno seguito il caso.<\/p>\n<p style=\"text-align: justify\">Lilly La Fauci \u00e8 dottoressa con laurea triennale in Lettere classiche e laurea magistrale in Metodi e linguaggi del giornalismo, conseguite presso l\u2019Universit\u00e0 degli Studi di Messina. \u00c8 giornalista presso la Gazzetta del Sud. \u00c8 inoltre autrice della raccolta di poesie <em>Pensiero<\/em> (2010) e coautrice del volume <em>Non sono tipo di leggere<\/em> (2015), basato su un\u2019inchiesta giornalistica televisiva sul livello di cultura generale dei giovani messinesi.<\/p>\n<p style=\"text-align: justify\">Nel corso dell\u2019evento, converser\u00e0 con l\u2019autrice il prof. Francesco Pira, docente di Comunicazione e Giornalismo presso l\u2019Universit\u00e0 di Messina che firma la prefazione del libro. Interverranno inoltre Lucio D\u2019Amico, vicecaporedattore della Gazzetta del Sud e direttore di Rtp, Gisella Cicci\u00f2, consigliere dell\u2019Ordine dei Giornalisti di Sicilia, e Sebastiano Caspanello, redattore della Gazzetta del Sud.<\/p>\n<p><img loading=\"lazy\" class=\"alignnone size-medium wp-image-3555\" src=\"http:\/\/www.messinaoggi.it\/website\/wp-content\/uploads\/2017\/06\/locandina-lilly-la-fauci-217x300.jpg\" alt=\"\" width=\"217\" height=\"300\" \/><br \/>\n <\/p>\n","protected":false},"excerpt":{"rendered":"<p>Si terr\u00e0, appunto,\u00a0 sabato 1 Luglio alle 17, presso la Libreria Feltrinelli (Via Ghibellina, 32) la presentazione del libro della giornalista Lilly La Fauci. Si tratta della storia politica dell&#8217;onorevole Francantonio Genovese, con particolare attenzione a come \u00e8 stato trattato dai media il suo passaggio dal Partito Democratico a Forza Italia (dicembre 2015). Quella che, [&hellip;]<\/p>\n","protected":false},"author":8,"featured_media":3554,"comment_status":"closed","ping_status":"open","sticky":false,"template":"","format":"standard","meta":{"ub_ctt_via":"","_mi_skip_tracking":false},"categories":[16],"tags":[],"featured_image_src":"https:\/\/www.messinaoggi.it\/website\/wp-content\/uploads\/2017\/06\/copertina-libro-lilly-la-fauci-2.jpg","author_info":{"display_name":"red..me","author_link":"https:\/\/www.messinaoggi.it\/website\/author\/redstage\/"},"digistream_id":0,"digistream":false,"_links":{"self":[{"href":"https:\/\/www.messinaoggi.it\/website\/wp-json\/wp\/v2\/posts\/3546"}],"collection":[{"href":"https:\/\/www.messinaoggi.it\/website\/wp-json\/wp\/v2\/posts"}],"about":[{"href":"https:\/\/www.messinaoggi.it\/website\/wp-json\/wp\/v2\/types\/post"}],"author":[{"embeddable":true,"href":"https:\/\/www.messinaoggi.it\/website\/wp-json\/wp\/v2\/users\/8"}],"replies":[{"embeddable":true,"href":"https:\/\/www.messinaoggi.it\/website\/wp-json\/wp\/v2\/comments?post=3546"}],"version-history":[{"count":0,"href":"https:\/\/www.messinaoggi.it\/website\/wp-json\/wp\/v2\/posts\/3546\/revisions"}],"wp:featuredmedia":[{"embeddable":true,"href":"https:\/\/www.messinaoggi.it\/website\/wp-json\/wp\/v2\/media\/3554"}],"wp:attachment":[{"href":"https:\/\/www.messinaoggi.it\/website\/wp-json\/wp\/v2\/media?parent=3546"}],"wp:term":[{"taxonomy":"category","embeddable":true,"href":"https:\/\/www.messinaoggi.it\/website\/wp-json\/wp\/v2\/categories?post=3546"},{"taxonomy":"post_tag","embeddable":true,"href":"https:\/\/www.messinaoggi.it\/website\/wp-json\/wp\/v2\/tags?post=3546"}],"curies":[{"name":"wp","href":"https:\/\/api.w.org\/{rel}","templated":true}]}}