{"id":35423,"date":"2019-07-26T10:27:52","date_gmt":"2019-07-26T08:27:52","guid":{"rendered":"https:\/\/www.messinaoggi.it\/website\/?p=35423"},"modified":"2019-07-26T10:27:52","modified_gmt":"2019-07-26T08:27:52","slug":"incendio-discarica-di-mazzarra-raffa-m5s-i-cittadini-ancora-aspettano-atti-concreti","status":"publish","type":"post","link":"https:\/\/www.messinaoggi.it\/website\/2019\/07\/26\/incendio-discarica-di-mazzarra-raffa-m5s-i-cittadini-ancora-aspettano-atti-concreti\/","title":{"rendered":"Incendio discarica di Mazzarr\u00e0, Raffa (M5S): &quot;I cittadini ancora aspettano atti concreti&quot;"},"content":{"rendered":"<p>Il recente <a href=\"https:\/\/www.messinaoggi.it\/website\/2019\/07\/24\/notte-di-fuoco-vasto-incendio-alla-discarica-indagano-i-carabinieri\/\"><span style=\"text-decoration: underline\">incendio della discarica di Mazzarr\u00e0 Sant\u2019Andrea<\/span><\/a> potrebbe divenire un caso nazionale, quantomeno queste sono le intenzioni di Angela Raffa, esponente del Movimento 5 Stelle alla Camera dei Deputati. Infatti, ieri la deputata pentastellata ha portato all\u2019attenzione dell\u2019aula parlamentare i problemi di sicurezza connessi a tale discarica, la quale risulta chiusa dal 2014 ma ben poco \u00e8 stato fatto per metterla in sicurezza e bonificarla, nonostante le continue denunce da parte delle comunit\u00e0 locali.<br \/>\n\u201c<em>L\u2019incendio ha portato allo sprigionarsi di un denso fumo nero. In pi\u00f9 delle falde acquifere, ubicate nelle immediate vicinanze, sono perennemente minacciate dal cospicuo percolato, che fuoriesce da questa montagna di rifiuti, e manca anche una copertura totale della stessa<\/em>\u201d, ha spiegato Raffa durante il suo intervento dinnanzi ai colleghi parlamentari.<br \/>\n\u201c<em>Il sindaco di Furnari, uno dei comuni limitrofi alla discarica,<\/em> &#8211; ha proseguito la deputata pentastellata &#8211; <em>ha gi\u00e0 presentato un esposto alla procura di Barcellona Pozzo di Gotto e alla prefettura di Messina. Adesso la comunit\u00e0 \u00e8 allarmata per l\u2019inquinamento ambientale che potrebbe interessare tutta l\u2019area. Il rischio di sversamento di percolato, di probabile esplosione e di crollo del corpo della discarica \u00e8 stato valutato come possibile e reale durante le conferenze dei servizi al Dipartimento Regionale dei Rifiuti di Palermo sin dal 2014.<\/em><br \/>\n\u201c<em>Dopo sei anni i cittadini ancora aspettano atti concreti da parte della Regione e dello Stato. Di chiunque siano le colpe e le responsabilit\u00e0 \u00e8 un tempo troppo lungo ed una situazione inaccettabile<\/em>\u201d.<div id=\"div-gpt-ad-Messinaoggi.it-DSK-300x250-corpoart\" style=\"text-align:center;margin:0 auto;\"><\/div><\/p>\n<div id=\"videoincontent\" style=\"clear:both\";><\/div>","protected":false},"excerpt":{"rendered":"<p>Il recente incendio della discarica di Mazzarr\u00e0 Sant\u2019Andrea potrebbe divenire un caso nazionale, quantomeno queste sono le intenzioni di Angela Raffa, esponente del Movimento 5 Stelle alla Camera dei Deputati. Infatti, ieri la deputata pentastellata ha portato all\u2019attenzione dell\u2019aula parlamentare i problemi di sicurezza connessi a tale discarica, la quale risulta chiusa dal 2014 ma [&hellip;]<\/p>\n","protected":false},"author":8,"featured_media":28964,"comment_status":"closed","ping_status":"open","sticky":false,"template":"","format":"standard","meta":{"ub_ctt_via":"","_mi_skip_tracking":false},"categories":[4],"tags":[],"featured_image_src":"https:\/\/www.messinaoggi.it\/website\/wp-content\/uploads\/2019\/01\/Raffa-4-copia.jpg","author_info":{"display_name":"red..me","author_link":"https:\/\/www.messinaoggi.it\/website\/author\/redstage\/"},"digistream_id":0,"digistream":false,"_links":{"self":[{"href":"https:\/\/www.messinaoggi.it\/website\/wp-json\/wp\/v2\/posts\/35423"}],"collection":[{"href":"https:\/\/www.messinaoggi.it\/website\/wp-json\/wp\/v2\/posts"}],"about":[{"href":"https:\/\/www.messinaoggi.it\/website\/wp-json\/wp\/v2\/types\/post"}],"author":[{"embeddable":true,"href":"https:\/\/www.messinaoggi.it\/website\/wp-json\/wp\/v2\/users\/8"}],"replies":[{"embeddable":true,"href":"https:\/\/www.messinaoggi.it\/website\/wp-json\/wp\/v2\/comments?post=35423"}],"version-history":[{"count":0,"href":"https:\/\/www.messinaoggi.it\/website\/wp-json\/wp\/v2\/posts\/35423\/revisions"}],"wp:featuredmedia":[{"embeddable":true,"href":"https:\/\/www.messinaoggi.it\/website\/wp-json\/wp\/v2\/media\/28964"}],"wp:attachment":[{"href":"https:\/\/www.messinaoggi.it\/website\/wp-json\/wp\/v2\/media?parent=35423"}],"wp:term":[{"taxonomy":"category","embeddable":true,"href":"https:\/\/www.messinaoggi.it\/website\/wp-json\/wp\/v2\/categories?post=35423"},{"taxonomy":"post_tag","embeddable":true,"href":"https:\/\/www.messinaoggi.it\/website\/wp-json\/wp\/v2\/tags?post=35423"}],"curies":[{"name":"wp","href":"https:\/\/api.w.org\/{rel}","templated":true}]}}