{"id":35404,"date":"2019-07-25T17:26:28","date_gmt":"2019-07-25T15:26:28","guid":{"rendered":"https:\/\/www.messinaoggi.it\/website\/?p=35404"},"modified":"2019-07-25T17:26:28","modified_gmt":"2019-07-25T15:26:28","slug":"calapai-uil-fpl-preoccupazione-per-lospedale-di-mistretta-si-ripristini-piena-funzionalita","status":"publish","type":"post","link":"https:\/\/www.messinaoggi.it\/website\/2019\/07\/25\/calapai-uil-fpl-preoccupazione-per-lospedale-di-mistretta-si-ripristini-piena-funzionalita\/","title":{"rendered":"Calapai (Uil-Fpl): &quot;Preoccupazione per l&#039;ospedale di Mistretta. Si ripristini piena funzionalit\u00e0&quot;"},"content":{"rendered":"<p class=\"p1\" style=\"text-align: justify;\"><span class=\"s1\">Nuovo allarme della Uil-Fpl per l\u2019ospedale di Mistretta. <strong>Pippo Calapai<\/strong>, segretario provinciale del sindacato, attraverso una nota indirizzata al direttore generale dell\u2019Asp di Messina, esprime preoccupazione per le inspiegabili sottrazioni delle Risorse umane che ne limitano la piena funzionalit\u00e0 della struttura ospedaliera.<\/span><div id=\"div-gpt-ad-Messinaoggi.it-DSK-300x250-corpoart\" style=\"text-align:center;margin:0 auto;\"><\/div><\/p>\n<p class=\"p1\" style=\"text-align: justify;\"><span class=\"s1\">\u201c<em>La scrivente organizzazione sindacale, \u00e8 fortemente preoccupata per quanto sta accadendo presso il P.O. di Mistretta. Non passano giorni che le azioni poste in essere da parte di codesta Amministrazione, anzich\u00e9 volte al ripristino della piena funzionalit\u00e0 dell\u2019Ospedale di Mistretta, che \u00e8 stato classificato dal D.A. n. 22\/2019 \u201cPresidio di Area Disagiata\u201d per la sua posizione strategica nell\u2019area nebroidea della \u201cHalesa\u201d, a salvaguardia della popolazione che vi risiede, sembrano invece depotenziarlo sempre pi\u00f9. Infatti, abbiamo gi\u00e0 assistito alla inspiegabile sottrazione di risorse umane a vantaggio di altri Presidi nonch\u00e9 alla rimozione di attrezzature e presidi tecnologici di vitale importanza per l\u2019ospedale stesso che potrebbero mettere a rischio la sua stessa funzionalit\u00e0<\/em>\u201d.<\/span><div id=\"videoincontent\" style=\"clear:both\";><\/div><\/p>\n<p class=\"p1\" style=\"text-align: justify;\"><span class=\"s1\">E\u2019 quanto si legge nella nota sindacale invita al direttore generale dell\u2019Asp di Messina.<\/span><\/p>\n<p class=\"p2\" style=\"text-align: justify;\"><span class=\"s1\">\u201c<em>Precisamente, di recente nel Blocco Operatorio il <\/em><\/span><em><span class=\"s2\">letto ortopedico<\/span><span class=\"s1\"> che era stato installato e collaudato appena 15 giorni addietro \u00e8 stato rismontato e trasferito all\u2019Ospedale di S. Agata di Militello. Stesso fatto per <\/span><span class=\"s2\">l\u2019isola neonatale<\/span><\/em><span class=\"s1\"><em> che \u00e8 stata smontata e trasferita ad altro Ospedale. Infine, qualche giorno fa, da una delle 2 sale operatorie dotate di apparecchio di anestesia modello \u201cPrimus\u201d di ultima generazione, uno di essi stava per essere smontato e trasferito presso un altro Ospedale e, forse nel mero tentativo di non rendere inutilizzabile una delle due sale operatorie, nel contempo veniva trasferito un altro apparecchio di anestesia, modello \u201cSpacelabs Healthcare\u201d, \u201cdatato\u201d, da altro Presidio forse dove non veniva neanche usato, il tutto senza effettuazione di specifici collaudi di reinstallazione. Inoltre, l\u2019apparecchio non consente alcune modalit\u00e0 di tecniche ventilatorie, \u00e8 privo di 2\u00b0 vaporizzatore per altro gas anestetico, il vaporizzatore in atto installato sembrerebbe non perfettamente tarato e cosa ben pi\u00f9 importante, in caso di guasto dell\u2019apparecchio di anestesia \u201cPrimus\u201d non \u00e8 possibile fare uno \u201cswitch\u201d tra i due apparecchi in quanto, gli attacchi dei gas anestetici e le modalit\u00e0 di ventilazione sono differenti. Pertanto, la rimozione di uno dei 2 apparecchi di anestesia \u201cPrimus\u201d pu\u00f2 comportare un serio aumento del rischio clinico sia per gli operatori che per l\u2019utenza, per di pi\u00f9 la presenza di un solo apparecchio di anestesia in un Ospedale come Mistretta, che in caso di emergenza respiratoria pu\u00f2 essere utilizzato come ventilatore artificiale a sostegno della funzione vitale respiratoria per un paziente acuto intubato nelle more di essere stabilizzato e successivamente trasferito presso un centro pi\u00f9 adeguato, non pu\u00f2 essere certamente interpretato come segnale di miglioramento. Pertanto, alla luce di quanto sopra detto e considerata l\u2019importanza strategica per la popolazione circostante rivestita dall\u2019Ospedale di Mistretta, classificato di \u201cArea disagiata\u201d, che necessita di potenziamento e non di ridimensionamento, si chiede al direttore generale un incontro urgente, al fine di poter chiarire le varie problematiche sin qui emerse<\/em>\u201d.<\/span><\/p>\n","protected":false},"excerpt":{"rendered":"<p>Nuovo allarme della Uil-Fpl per l\u2019ospedale di Mistretta. Pippo Calapai, segretario provinciale del sindacato, attraverso una nota indirizzata al direttore generale dell\u2019Asp di Messina, esprime preoccupazione per le inspiegabili sottrazioni delle Risorse umane che ne limitano la piena funzionalit\u00e0 della struttura ospedaliera. \u201cLa scrivente organizzazione sindacale, \u00e8 fortemente preoccupata per quanto sta accadendo presso il [&hellip;]<\/p>\n","protected":false},"author":2,"featured_media":8378,"comment_status":"closed","ping_status":"open","sticky":false,"template":"","format":"standard","meta":{"ub_ctt_via":"","_mi_skip_tracking":false},"categories":[6],"tags":[],"featured_image_src":"https:\/\/www.messinaoggi.it\/website\/wp-content\/uploads\/2017\/09\/calapai-uilRRP_8323-2.jpg","author_info":{"display_name":"Redazione","author_link":"https:\/\/www.messinaoggi.it\/website\/author\/redazione\/"},"digistream_id":0,"digistream":false,"_links":{"self":[{"href":"https:\/\/www.messinaoggi.it\/website\/wp-json\/wp\/v2\/posts\/35404"}],"collection":[{"href":"https:\/\/www.messinaoggi.it\/website\/wp-json\/wp\/v2\/posts"}],"about":[{"href":"https:\/\/www.messinaoggi.it\/website\/wp-json\/wp\/v2\/types\/post"}],"author":[{"embeddable":true,"href":"https:\/\/www.messinaoggi.it\/website\/wp-json\/wp\/v2\/users\/2"}],"replies":[{"embeddable":true,"href":"https:\/\/www.messinaoggi.it\/website\/wp-json\/wp\/v2\/comments?post=35404"}],"version-history":[{"count":0,"href":"https:\/\/www.messinaoggi.it\/website\/wp-json\/wp\/v2\/posts\/35404\/revisions"}],"wp:featuredmedia":[{"embeddable":true,"href":"https:\/\/www.messinaoggi.it\/website\/wp-json\/wp\/v2\/media\/8378"}],"wp:attachment":[{"href":"https:\/\/www.messinaoggi.it\/website\/wp-json\/wp\/v2\/media?parent=35404"}],"wp:term":[{"taxonomy":"category","embeddable":true,"href":"https:\/\/www.messinaoggi.it\/website\/wp-json\/wp\/v2\/categories?post=35404"},{"taxonomy":"post_tag","embeddable":true,"href":"https:\/\/www.messinaoggi.it\/website\/wp-json\/wp\/v2\/tags?post=35404"}],"curies":[{"name":"wp","href":"https:\/\/api.w.org\/{rel}","templated":true}]}}