{"id":35335,"date":"2019-07-23T12:14:27","date_gmt":"2019-07-23T10:14:27","guid":{"rendered":"https:\/\/www.messinaoggi.it\/website\/?p=35335"},"modified":"2019-07-23T12:14:27","modified_gmt":"2019-07-23T10:14:27","slug":"differenziata-nei-condomini-e-scontro-tra-musolino-e-zuccarello","status":"publish","type":"post","link":"https:\/\/www.messinaoggi.it\/website\/2019\/07\/23\/differenziata-nei-condomini-e-scontro-tra-musolino-e-zuccarello\/","title":{"rendered":"Differenziata nei condomini, \u00e8 scontro tra Musolino e Zuccarello"},"content":{"rendered":"<p style=\"text-align: justify\">Quello che sembrava <a href=\"https:\/\/www.messinaoggi.it\/website\/2019\/07\/22\/differenziata-nei-condomini-il-tar-boccia-parte-dellordinanza-sindacale\/\"><span style=\"text-decoration: underline\">un mero fatto di cronaca<\/span><\/a> \u00e8 divenuto in brevissimo tempo un acceso scontro politico. I contendenti sono l\u2019ex consigliere comunale Daniele Zuccarello e l\u2019assessora Dafne Musolino, mentre l\u2019oggetto della contesa \u00e8 la decisione presa ieri dal Tar di Catania sull\u2019ordinanza sindacale in materia di raccolta differenziata nei condomini, che era stata emessa dal comune di Messina lo scorso 23 aprile e contro la quale si era opposto anche il rappresentante degli amministratori di condominio Zuccarello. In estrema sintesi, il tribunale amministrativo ha accolto parte della domanda cautelare presentata dall\u2019Anaci (Associazione nazionale amministratori di condominio Italia) e da alcuni proprietari di vari immobili nella citt\u00e0 di Messina contro la suddetta ordinanza sindacale, sospendendo alcune previsioni contenute nel relativo testo e rimandando la decisione di merito a giugno 2020. In particolare, il Tar ha sospeso l\u2019ordinanza per ci\u00f2 che concerne l\u2019obbligo per i condomini di collocare i contenitori della raccolta differenziata dentro le aree condominiali qualora non vi siano spazi adeguati oppure vi siano esigenze di sicurezza, stabilendo che in tal caso i contenitori debbano essere collocati all&#8217;esterno dell\u2019edificio condominiale. Inoltre, pur ritenendo legittimo il resto dell&#8217;ordinanza sindacale, il tribunale amministrativo ha precisato che eventuali contestazioni e segnalazioni devono riferirsi al condominio e non al suo amministratore, nel senso che l\u2019Amministrazione comunale \u00e8 tenuta a precisare che la contestazione e la segnalazione vengano solo materialmente consegnate all\u2019amministratore del condominio perch\u00e9 egli possa portare a conoscenza i condomini delle loro responsabilit\u00e0; inoltre, non spetta in alcun modo all\u2019amministratore del condominio il compito di provvedere al ritiro dei rifiuti stessi.<div id=\"div-gpt-ad-Messinaoggi.it-DSK-300x250-corpoart\" style=\"text-align:center;margin:0 auto;\"><\/div><\/p>\n<p style=\"text-align: justify\">A tal proposito, l&#8217;assessora Musolino si \u00e8 ritenuta soddisfatta di tale decisione, in quanto non avrebbe fatto altro che confermare la bont\u00e0 dell&#8217;ordinanza sindacale dato che il giudice si \u00e8 limitato a smontare una minima parte della stessa: \u201cCon buona pace dell\u2019ex consigliere comunale dal dente avvelenato Daniele Zuccarello, &#8211; spiega Musolino &#8211; il Tar conferma la bont\u00e0 delle scelte amministrative, ritenendo che anche le previsioni in tema di sanzioni per errato conferimento, con obbligo di ritirare i rifiuti e smaltirli correttamente a carico del condominio, siano legittimi e ragionevoli, limitandosi a chiarire che l\u2019unico destinatario di tali obblighi e delle conseguenti sanzioni \u00e8 il condominio e non gi\u00e0 l\u2019amministratore condominiale, come peraltro era stato gi\u00e0 abbondantemente chiarito dall\u2019amministrazione\u201d. Immediata la replica di Zuccarello, il quale tra le altre cose ci ha tenuto a precisare che il Tar si \u00e8 limitato a sospendere per ragioni di tutela cautelare parte dell&#8217;ordinanza, senza per\u00f2 pronunciarsi ancora sul merito: &#8220;\u00c8 il caso di evidenziare che il Tar non si \u00e8 pronunciato sul merito del provvedimento impugnato che, come pi\u00f9 volte detto, presenta molteplici profili di illegittimit\u00e0, ma solo sulle previsioni dello stesso che avrebbero potuto (se non sospese) recare agli amministratori pregiudizi gravi e irreparabili&#8221;, dichiara Zuccarello.<em><br \/>\n<\/em><div id=\"videoincontent\" style=\"clear:both\";><\/div><\/p>\n","protected":false},"excerpt":{"rendered":"<p>Quello che sembrava un mero fatto di cronaca \u00e8 divenuto in brevissimo tempo un acceso scontro politico. I contendenti sono l\u2019ex consigliere comunale Daniele Zuccarello e l\u2019assessora Dafne Musolino, mentre l\u2019oggetto della contesa \u00e8 la decisione presa ieri dal Tar di Catania sull\u2019ordinanza sindacale in materia di raccolta differenziata nei condomini, che era stata emessa [&hellip;]<\/p>\n","protected":false},"author":10,"featured_media":33013,"comment_status":"closed","ping_status":"open","sticky":false,"template":"","format":"standard","meta":{"ub_ctt_via":"","_mi_skip_tracking":false},"categories":[4],"tags":[],"featured_image_src":"https:\/\/www.messinaoggi.it\/website\/wp-content\/uploads\/2019\/05\/raccolta-differenziata-porta-a-porta.jpg","author_info":{"display_name":"Paolo Mustica","author_link":"https:\/\/www.messinaoggi.it\/website\/author\/p-mustica\/"},"digistream_id":0,"digistream":false,"_links":{"self":[{"href":"https:\/\/www.messinaoggi.it\/website\/wp-json\/wp\/v2\/posts\/35335"}],"collection":[{"href":"https:\/\/www.messinaoggi.it\/website\/wp-json\/wp\/v2\/posts"}],"about":[{"href":"https:\/\/www.messinaoggi.it\/website\/wp-json\/wp\/v2\/types\/post"}],"author":[{"embeddable":true,"href":"https:\/\/www.messinaoggi.it\/website\/wp-json\/wp\/v2\/users\/10"}],"replies":[{"embeddable":true,"href":"https:\/\/www.messinaoggi.it\/website\/wp-json\/wp\/v2\/comments?post=35335"}],"version-history":[{"count":0,"href":"https:\/\/www.messinaoggi.it\/website\/wp-json\/wp\/v2\/posts\/35335\/revisions"}],"wp:featuredmedia":[{"embeddable":true,"href":"https:\/\/www.messinaoggi.it\/website\/wp-json\/wp\/v2\/media\/33013"}],"wp:attachment":[{"href":"https:\/\/www.messinaoggi.it\/website\/wp-json\/wp\/v2\/media?parent=35335"}],"wp:term":[{"taxonomy":"category","embeddable":true,"href":"https:\/\/www.messinaoggi.it\/website\/wp-json\/wp\/v2\/categories?post=35335"},{"taxonomy":"post_tag","embeddable":true,"href":"https:\/\/www.messinaoggi.it\/website\/wp-json\/wp\/v2\/tags?post=35335"}],"curies":[{"name":"wp","href":"https:\/\/api.w.org\/{rel}","templated":true}]}}