{"id":35274,"date":"2019-07-21T01:30:00","date_gmt":"2019-07-20T23:30:00","guid":{"rendered":"https:\/\/www.messinaoggi.it\/website\/?p=35274"},"modified":"2019-07-21T01:30:00","modified_gmt":"2019-07-20T23:30:00","slug":"meteo-lestate-perfetta","status":"publish","type":"post","link":"https:\/\/www.messinaoggi.it\/website\/2019\/07\/21\/meteo-lestate-perfetta\/","title":{"rendered":"Meteo, l\u2019estate perfetta"},"content":{"rendered":"<p>La terza decade di Luglio accredita l&#8217;ottima qualit\u00e0 che l&#8217;anticiclone delle Azzorre ( risorto) sta conferendo alla nostra PERFETTA estate strettese.<br \/>\nDopo qualche effimera digressione subtropicale ( per fortuna MAI ostinata e MAI campale), la bella stagione si \u00e8 nuovamente incanalata sui sentieri di una mitezza mediterranea, con temperature perfettamente allineate ai canoni mediterranei e marcata escursione termica.<br \/>\nSe proprio vogliamo cercare il pelo nell&#8217;uovo, l&#8217;unica pecca di questa estate che mette d&#8217;accordo tutti, \u00e8 il normale aumento del tasso dell&#8217;umidit\u00e0 relativa fra le ore notturne e l&#8217;alba. Ma questa \u00e8 una sottigliezza assolutamente preventivabile, che non deve mai destare scalpore in presenza di mari caldi. Ci pu\u00f2 stare.<br \/>\nNelle prossime ore, l&#8217;anticiclone delle Azzorre proseguir\u00e0 senza alcun problema il suo encomiabile ruolo di restaurazione della classica estate old style, sventando efficacemente le offensive dell&#8217;anticiclone subtropicale, costretto a sollevarsi verso latitudini scandinave e britanniche.<br \/>\nCome evidenzia Ecmwf, i massimi di gpt saranno accampati sul settore occidentale del Mediterraneo, decentrando il fulcro strutturale fra penisola iberica, Baleari, Francia e Sardegna.<br \/>\nLa vasta saccatura atlantica tender\u00e0 a roteare lontano dalle coste portoghesi ( in pieno oceano), consentendo alla Sicilia di fruire dell&#8217;appendice altopressoria di natura azzorriana.<br \/>\nCon questo quadro sinottico, risulta chiaro e inequivocabile che il bel tempo estivo non avr\u00e0 alcun rivale almeno fino <a dir=\"ltr\" href=\"x-apple-data-detectors:\/\/0\">al 3 Agosto<\/a>. Cielo sereno, qualche innocuo addensamento cumuliforme sul far della sera, mentre la solidit\u00e0 strutturale ( gpt 592 dam) inibir\u00e0 categoricamente la termo convezione pomeridiana.<br \/>\nI venti spireranno a regime di zefiro dai quadranti settentrionali, con il vento cavaliere strettese (NE). Pertanto, tutti i nostri mari risulteranno in buone condizioni per una sicura balneazione.<br \/>\nLa temperatura, stazionaria domenica, tender\u00e0 a risalire lievemente da martedi, con la colonnina di mercurio che lambir\u00e0 i 29-30\u00b0 all&#8217;ombra.<br \/>\nIl tasso dell&#8217;UR far\u00e0 segnare valori mediamente elevati compresi fra il 50 e il 90%.<br \/>\nLe tendenze del tempo a medio termine prefigurano i propositi erettivi dell&#8217; hp suptropicale, che mirer\u00e0 paesi bassi, Regno Unito e penisola Scandinava. Gran calura sull&#8217;Europa centro\/ settentrionale, mentre la Sicilia sar\u00e0 estromessa dal ramo ascendente. Estate sopraffina, con caldo sopportabilissimo e mai opprimente. Cosa volere di pi\u00f9? Un grazie di cuore e arrivederci.<div id=\"div-gpt-ad-Messinaoggi.it-DSK-300x250-corpoart\" style=\"text-align:center;margin:0 auto;\"><\/div><\/p>\n<div id=\"videoincontent\" style=\"clear:both\";><\/div>","protected":false},"excerpt":{"rendered":"<p>La terza decade di Luglio accredita l&#8217;ottima qualit\u00e0 che l&#8217;anticiclone delle Azzorre ( risorto) sta conferendo alla nostra PERFETTA estate strettese. Dopo qualche effimera digressione subtropicale ( per fortuna MAI ostinata e MAI campale), la bella stagione si \u00e8 nuovamente incanalata sui sentieri di una mitezza mediterranea, con temperature perfettamente allineate ai canoni mediterranei e [&hellip;]<\/p>\n","protected":false},"author":2,"featured_media":35275,"comment_status":"closed","ping_status":"open","sticky":false,"template":"","format":"standard","meta":{"ub_ctt_via":"","_mi_skip_tracking":false},"categories":[6],"tags":[],"featured_image_src":"https:\/\/www.messinaoggi.it\/website\/wp-content\/uploads\/2019\/07\/7C9434B5-67B8-452B-B904-20C1D356E3DC.gif","author_info":{"display_name":"Redazione","author_link":"https:\/\/www.messinaoggi.it\/website\/author\/redazione\/"},"digistream_id":0,"digistream":false,"_links":{"self":[{"href":"https:\/\/www.messinaoggi.it\/website\/wp-json\/wp\/v2\/posts\/35274"}],"collection":[{"href":"https:\/\/www.messinaoggi.it\/website\/wp-json\/wp\/v2\/posts"}],"about":[{"href":"https:\/\/www.messinaoggi.it\/website\/wp-json\/wp\/v2\/types\/post"}],"author":[{"embeddable":true,"href":"https:\/\/www.messinaoggi.it\/website\/wp-json\/wp\/v2\/users\/2"}],"replies":[{"embeddable":true,"href":"https:\/\/www.messinaoggi.it\/website\/wp-json\/wp\/v2\/comments?post=35274"}],"version-history":[{"count":0,"href":"https:\/\/www.messinaoggi.it\/website\/wp-json\/wp\/v2\/posts\/35274\/revisions"}],"wp:featuredmedia":[{"embeddable":true,"href":"https:\/\/www.messinaoggi.it\/website\/wp-json\/wp\/v2\/media\/35275"}],"wp:attachment":[{"href":"https:\/\/www.messinaoggi.it\/website\/wp-json\/wp\/v2\/media?parent=35274"}],"wp:term":[{"taxonomy":"category","embeddable":true,"href":"https:\/\/www.messinaoggi.it\/website\/wp-json\/wp\/v2\/categories?post=35274"},{"taxonomy":"post_tag","embeddable":true,"href":"https:\/\/www.messinaoggi.it\/website\/wp-json\/wp\/v2\/tags?post=35274"}],"curies":[{"name":"wp","href":"https:\/\/api.w.org\/{rel}","templated":true}]}}