{"id":35246,"date":"2019-07-20T10:26:49","date_gmt":"2019-07-20T08:26:49","guid":{"rendered":"https:\/\/www.messinaoggi.it\/website\/?p=35246"},"modified":"2019-07-20T10:26:49","modified_gmt":"2019-07-20T08:26:49","slug":"vertenza-gicap-cgil-e-uil-lazienda-paghi-quanto-dovuto-a-tutti-i-dipendenti","status":"publish","type":"post","link":"https:\/\/www.messinaoggi.it\/website\/2019\/07\/20\/vertenza-gicap-cgil-e-uil-lazienda-paghi-quanto-dovuto-a-tutti-i-dipendenti\/","title":{"rendered":"Vertenza Gicap, Cgil e Uil: &quot;L\u2019azienda paghi quanto dovuto a tutti i dipendenti&quot;"},"content":{"rendered":"<p>\u201c<em>Invitiamo l\u2019azienda a provvedere a pagare quanto dovuto<\/em>\u201d. Ancora difficolt\u00e0 nella vertenza Gicap: infatti, le federazioni provinciali di Filcams-Cgil e UilTucs-Uil contestano all\u2019azienda operante nella grande distribuzione l\u2019aver saldato la prima tranche delle spettanze arretrate soltanto ai lavoratori che hanno firmato l\u2019accordo individuale, escludendo quindi coloro i quali non avevano voluto conciliare gli importi.<br \/>\n\u201c<em>Tale comportamento <\/em>&#8211; proseguono Filcams-Cgil Messina e UilTucs-Uil Messina &#8211; <em>\u00e8 profondamente scorretto e lesivo degli interessi delle persone che assistiamo e tuteliamo. Riscontriamo il mancato pagamento dei dipendenti del Qui Tron di Giardini Naxos. La Gicap dovrebbe provvedere ad avere un comportamento uniforme con tutti quelli che erano suoi dipendenti e non fare discriminazioni.<\/em><br \/>\n\u201c<em>Inoltre, sollecitiamo Gicap ad espletare tutti gli atti propedeutici all\u2019attivazione della cassa integrazione, a suo tempo sottoscritta con le organizzazioni sindacali, affinch\u00e9 le procedure amministrative si possano accelerare. Non vorremmo correre il rischio che la procedura di cassa integrazione possa essere bocciata. Ci\u00f2 comporterebbe ulteriori disagi ai lavoratori che gi\u00e0 hanno vissuto un periodo di gravi difficolt\u00e0<\/em>&#8220;.<div id=\"div-gpt-ad-Messinaoggi.it-DSK-300x250-corpoart\" style=\"text-align:center;margin:0 auto;\"><\/div><\/p>\n<div id=\"videoincontent\" style=\"clear:both\";><\/div>","protected":false},"excerpt":{"rendered":"<p>\u201cInvitiamo l\u2019azienda a provvedere a pagare quanto dovuto\u201d. Ancora difficolt\u00e0 nella vertenza Gicap: infatti, le federazioni provinciali di Filcams-Cgil e UilTucs-Uil contestano all\u2019azienda operante nella grande distribuzione l\u2019aver saldato la prima tranche delle spettanze arretrate soltanto ai lavoratori che hanno firmato l\u2019accordo individuale, escludendo quindi coloro i quali non avevano voluto conciliare gli importi. \u201cTale [&hellip;]<\/p>\n","protected":false},"author":8,"featured_media":32624,"comment_status":"closed","ping_status":"open","sticky":false,"template":"","format":"standard","meta":{"ub_ctt_via":"","_mi_skip_tracking":false},"categories":[19],"tags":[],"featured_image_src":"https:\/\/www.messinaoggi.it\/website\/wp-content\/uploads\/2019\/05\/grocery-15.jpg","author_info":{"display_name":"red..me","author_link":"https:\/\/www.messinaoggi.it\/website\/author\/redstage\/"},"digistream_id":0,"digistream":false,"_links":{"self":[{"href":"https:\/\/www.messinaoggi.it\/website\/wp-json\/wp\/v2\/posts\/35246"}],"collection":[{"href":"https:\/\/www.messinaoggi.it\/website\/wp-json\/wp\/v2\/posts"}],"about":[{"href":"https:\/\/www.messinaoggi.it\/website\/wp-json\/wp\/v2\/types\/post"}],"author":[{"embeddable":true,"href":"https:\/\/www.messinaoggi.it\/website\/wp-json\/wp\/v2\/users\/8"}],"replies":[{"embeddable":true,"href":"https:\/\/www.messinaoggi.it\/website\/wp-json\/wp\/v2\/comments?post=35246"}],"version-history":[{"count":0,"href":"https:\/\/www.messinaoggi.it\/website\/wp-json\/wp\/v2\/posts\/35246\/revisions"}],"wp:featuredmedia":[{"embeddable":true,"href":"https:\/\/www.messinaoggi.it\/website\/wp-json\/wp\/v2\/media\/32624"}],"wp:attachment":[{"href":"https:\/\/www.messinaoggi.it\/website\/wp-json\/wp\/v2\/media?parent=35246"}],"wp:term":[{"taxonomy":"category","embeddable":true,"href":"https:\/\/www.messinaoggi.it\/website\/wp-json\/wp\/v2\/categories?post=35246"},{"taxonomy":"post_tag","embeddable":true,"href":"https:\/\/www.messinaoggi.it\/website\/wp-json\/wp\/v2\/tags?post=35246"}],"curies":[{"name":"wp","href":"https:\/\/api.w.org\/{rel}","templated":true}]}}