{"id":35232,"date":"2019-07-19T17:16:26","date_gmt":"2019-07-19T15:16:26","guid":{"rendered":"https:\/\/www.messinaoggi.it\/website\/?p=35232"},"modified":"2019-07-19T17:16:26","modified_gmt":"2019-07-19T15:16:26","slug":"il-cortile-presenta-lo-spettacolo-legittima-difesa","status":"publish","type":"post","link":"https:\/\/www.messinaoggi.it\/website\/2019\/07\/19\/il-cortile-presenta-lo-spettacolo-legittima-difesa\/","title":{"rendered":"Il Cortile presenta lo spettacolo Legittima difesa"},"content":{"rendered":"<p>Torna l\u2019appuntamento con \u201cIl Cortile \u2013 Teatro Festival\u201d. Luned\u00ec, alle ore 20.45, a Palazzo Calapaj-D\u2019Alcontres andr\u00e0 in scena la pi\u00e8ce dal titolo Legittima\u00a0 difesa. Sul palco, a dare corpo alla storia un cast tutto messinese costituito da Giuseppe Capodicasa, Francesco Natoli e Michelangelo Maria Zangh\u00ec.<br \/>\n\u00abLa scrittura di \u201cLegittima difesa\u201d &#8211; dice Laura Giacobbe &#8211; riguarda un\u2019idea maturata molto tempo fa, quando le opinioni attorno a questo argomento apparivano come sintomi e sentori e non erano ancora il fiume in piena che sono oggi. Allora la circostanza di un rapinatore in casa appariva come un valido pretesto teatrale, uno zoom potente sull\u2019umore nero che bolliva nel ventre del Paese. Quando invece tutto diventa troppo complicato, \u00e8 bene diffidare da chi ci dice che tutto \u00e8 semplice. Quando sentiamo di non appartenere pi\u00f9 a niente, \u00e8 bene diffidare da chi ci dice che apparteniamo al popolo del buonsenso\u00bb.<br \/>\n<img loading=\"lazy\" class=\"alignnone size-medium wp-image-35234\" src=\"https:\/\/www.messinaoggi.it\/website\/wp-content\/uploads\/2019\/07\/Legittima-difesa-zanghi\u0300-natoli-capodicasa-300x200.jpg\" alt=\"\" width=\"300\" height=\"200\" \/><br \/>\nA sua volta Bonaventura nelle note di regia scrive: \u00abIncredibile signori: le rapine e gli omicidi sono nettamente in calo, mentre la paura aumenta. Come mai? Cosa o chi si nasconde dietro questo paradosso? \u00c8 questo il nascosto nel testo \u201cLegittima difesa\u201d, \u00e8 nascosto perch\u00e9 non lo dice, te lo porge gentilmente, per farti rendere conto di cosa sia, adesso il nostro paese. L&#8217;Italia impaurita, depressa e cosparsa di odio. L&#8217;Italia che cerca di reagire ma viene fermata da un muro invisibile. Che muro? L&#8217;ignoranza, il facile schierarsi con il pi\u00f9 forte, il difendersi con le armi, con l&#8217;insulto, con la negazione dei diritti dell&#8217;uomo, con il perdere tutto ci\u00f2 che di bellezza c&#8217;\u00e8 nell&#8217;animo umano. Fermiamoci su una panchina di una piazza, incontriamoci, non facciamoci fregare, forse le soluzioni le possiamo trovare, guardandoci negli occhi. \u201cSiamo uguali capo, a me non spetta l&#8217;orologio tuo e a te non spetta la vita mia\u201d\u00bb.<br \/>\nAncora una volta le emozioni corrono veloci sulle assi del palcoscenico.<div id=\"div-gpt-ad-Messinaoggi.it-DSK-300x250-corpoart\" style=\"text-align:center;margin:0 auto;\"><\/div><\/p>\n<div id=\"videoincontent\" style=\"clear:both\";><\/div>","protected":false},"excerpt":{"rendered":"<p>Torna l\u2019appuntamento con \u201cIl Cortile \u2013 Teatro Festival\u201d. Luned\u00ec, alle ore 20.45, a Palazzo Calapaj-D\u2019Alcontres andr\u00e0 in scena la pi\u00e8ce dal titolo Legittima\u00a0 difesa. Sul palco, a dare corpo alla storia un cast tutto messinese costituito da Giuseppe Capodicasa, Francesco Natoli e Michelangelo Maria Zangh\u00ec. \u00abLa scrittura di \u201cLegittima difesa\u201d &#8211; dice Laura Giacobbe &#8211; [&hellip;]<\/p>\n","protected":false},"author":5,"featured_media":35233,"comment_status":"closed","ping_status":"open","sticky":false,"template":"","format":"standard","meta":{"ub_ctt_via":"","_mi_skip_tracking":false},"categories":[17],"tags":[],"featured_image_src":"https:\/\/www.messinaoggi.it\/website\/wp-content\/uploads\/2019\/07\/Legittima-difesa-capodicasa.jpg","author_info":{"display_name":"Maria Antonella Saia","author_link":"https:\/\/www.messinaoggi.it\/website\/author\/m-saia\/"},"digistream_id":0,"digistream":false,"_links":{"self":[{"href":"https:\/\/www.messinaoggi.it\/website\/wp-json\/wp\/v2\/posts\/35232"}],"collection":[{"href":"https:\/\/www.messinaoggi.it\/website\/wp-json\/wp\/v2\/posts"}],"about":[{"href":"https:\/\/www.messinaoggi.it\/website\/wp-json\/wp\/v2\/types\/post"}],"author":[{"embeddable":true,"href":"https:\/\/www.messinaoggi.it\/website\/wp-json\/wp\/v2\/users\/5"}],"replies":[{"embeddable":true,"href":"https:\/\/www.messinaoggi.it\/website\/wp-json\/wp\/v2\/comments?post=35232"}],"version-history":[{"count":0,"href":"https:\/\/www.messinaoggi.it\/website\/wp-json\/wp\/v2\/posts\/35232\/revisions"}],"wp:featuredmedia":[{"embeddable":true,"href":"https:\/\/www.messinaoggi.it\/website\/wp-json\/wp\/v2\/media\/35233"}],"wp:attachment":[{"href":"https:\/\/www.messinaoggi.it\/website\/wp-json\/wp\/v2\/media?parent=35232"}],"wp:term":[{"taxonomy":"category","embeddable":true,"href":"https:\/\/www.messinaoggi.it\/website\/wp-json\/wp\/v2\/categories?post=35232"},{"taxonomy":"post_tag","embeddable":true,"href":"https:\/\/www.messinaoggi.it\/website\/wp-json\/wp\/v2\/tags?post=35232"}],"curies":[{"name":"wp","href":"https:\/\/api.w.org\/{rel}","templated":true}]}}