{"id":35168,"date":"2019-07-17T16:08:53","date_gmt":"2019-07-17T14:08:53","guid":{"rendered":"https:\/\/www.messinaoggi.it\/website\/?p=35168"},"modified":"2019-07-17T16:08:53","modified_gmt":"2019-07-17T14:08:53","slug":"parcheggi-papardo-proclamato-lo-stato-dagitazione-i-sindacati-scrivono-al-prefetto","status":"publish","type":"post","link":"https:\/\/www.messinaoggi.it\/website\/2019\/07\/17\/parcheggi-papardo-proclamato-lo-stato-dagitazione-i-sindacati-scrivono-al-prefetto\/","title":{"rendered":"Parcheggi Papardo: proclamato lo stato d&#039;agitazione, i sindacati scrivono al Prefetto"},"content":{"rendered":"<p class=\"p1\" style=\"text-align: justify;\"><span class=\"s1\">Infuocata assemblea dei lavoratori del Comparto Sanit\u00e0 questa mattina al Papardo per la vicenda legata ai parcheggi a pagamento della struttura ospedaliera. Una matassa da dipanare, eredita dall\u2019attuale management del Papardo dalla precedente amministrazione. Infatti, com\u2019\u00e8 noto, al personale dipendente \u00e8 stata riservata la met\u00e0 dei posti auto rispetto al fabbisogno. E ci\u00f2 determiner\u00e0 una disparit\u00e0 di trattamento fra gli stessi lavoratori. Fp Cgil, Uil-Fpl ed Fmv Fismu, nello specifico lamentano che il precedente manager Michele Vullo abbia bandito la gara d\u2019appalto per la gestione del servizio senza interpellare i sindacati, i cui rappresentanti avrebbero manifestato le proprie perplessit\u00e0 rispetto al numero dei parcheggi riservati al personale. Tenuto conto che vi sono solo cinquecento posti auto, di cui 224 per il personale, a fronte di quasi mille dipendenti, in molto dovranno pagare il ticket che complessivamente, nell\u2019arco dei giorni lavorativi, secondo una stima sindacale, si aggira intorno a 80 euro. Ci\u00f2 \u00e8 ritenuto un balzello che i dipendenti non possono sopportare. Il dg Mario Paino, questa mattina presente all\u2019incontro, sta cercando di trovare una soluzione ad un problema creato dal suo predecessore Michele Vullo. Intanto, le tre sigle sindacali hanno deciso di spostare la questione sul tavolo della Prefettura. Questa mattina, al termine dell\u2019assemblea, \u00e8 stato proclamato lo stato d\u2019agitazione e contestualmente i rappresentanti sindacali <b>Pippo Calapai<\/b>, <b>Corrado La Manna e Livio Andronico<\/b> (<b>Uil-Fpl<\/b>),\u00a0 <b>Francesco Fucile<\/b>, <b>Guglielmo Catalioto<\/b>, <b>Antonio Trino<\/b> e <b>Francesco Sigari<\/b> (<b>FpCgil<\/b>), e <b>Rosario Di Carlo<\/b> (<b>FVM\u00a0 Fismu<\/b>), hanno scritto al prefetto la nota di seguito riportata.<\/span><div id=\"div-gpt-ad-Messinaoggi.it-DSK-300x250-corpoart\" style=\"text-align:center;margin:0 auto;\"><\/div><\/p>\n<p class=\"p1\" style=\"text-align: justify;\"><span class=\"s1\">\u201c<i>Le scriventi Organizzazioni sindacali in rappresentanza dell&#8217;area medica e del comparto a seguito di autoconvocazione ed assemblea con i lavoratori tenutasi nella giornata del 17 luglio, avente ad oggetto parcheggi a pagamento all&#8217;interno del presidio ospedaliero e di conseguenza anche\u00a0 per il personale stesso ( infatti a fronte di circa\u00a0 mille dipendenti sono stati riservati soltanto 224 parcheggi gratuiti per i lavoratori) escludendo il personale del 118 e i lavoratori delle cooperative esterne, dopo ampio dibattito \u00e8 emerso forte dissenso da parte dei dipendenti che, cos\u00ec facendo, saranno costretti a pagare mensilmente oltre 80 \u20ac mensili. In un momento socio economico fortemente travagliato\u00a0 dove, il nuovo CCNL stipulato dopo 10 anni ha riconosciuto emolumenti lordi par ad\u00a0 85,00 \u20ac\u00a0 al mese per la categoria D (infermieri, tecnici etc) mentre per le altre categorie del comparto i riconoscimenti contrattuali sono\u00a0 stati molto\u00a0 pi\u00f9 contenuti, dover anche\u00a0 far fronte, al pagamento di parcheggi per poter espletare il proprio servizio vanificherebbe il gi\u00e0 esiguo aumento contrattale\u00a0 ed addirittura i lavoratori di propria tasca, dovrebbero aggiungervi la differenza. Come se non bastasse, a ci\u00f2 si aggiunge che sono stati esclusi dall&#8217;utilizzo dei parcheggi tutti i lavoratori delle ditte private che, rappresentano le categorie pi\u00f9 deboli (dipendenti del servizio cucina e ristoro\/bar, dipendenti ditta di pulizia dei reparti e degli uffici, dipendenti addetti alla manutenzione\u00a0 parti elettriche, idrauliche etc, dipendenti Ingegneria clinica).<\/i><\/span><div id=\"videoincontent\" style=\"clear:both\";><\/div><\/p>\n<p class=\"p2\" style=\"text-align: justify;\"><span class=\"s1\"><i>Signor prefetto, la situazione descritta pu\u00f2 causare problemi di ordine pubblico nonch\u00e9 grave disparit\u00e0 di trattamento tra il personale, infatti alcuni lavoratori troverebbero il posto auto, mentre altri no, con gravi intralci alla viabilit\u00e0 del nosocomio.<\/i><\/span><\/p>\n<p class=\"p2\" style=\"text-align: justify;\"><span class=\"s1\"><i>Pertanto per quanto sopra, le scriventi organizzazioni sindacali a seguito di deliberazione di assemblea all&#8217;unanimit\u00e0 dichiarano lo stato di agitazione ai sensi della legge 146\/90 e chiedono alla S.V. un urgente incontro alla presenza del manager del Papardo per il raffreddamento del conflitto ed al fine di evitare la dichiarazione di sciopero<\/i>\u201d.<\/span><\/p>\n","protected":false},"excerpt":{"rendered":"<p>Infuocata assemblea dei lavoratori del Comparto Sanit\u00e0 questa mattina al Papardo per la vicenda legata ai parcheggi a pagamento della struttura ospedaliera. Una matassa da dipanare, eredita dall\u2019attuale management del Papardo dalla precedente amministrazione. Infatti, com\u2019\u00e8 noto, al personale dipendente \u00e8 stata riservata la met\u00e0 dei posti auto rispetto al fabbisogno. E ci\u00f2 determiner\u00e0 una [&hellip;]<\/p>\n","protected":false},"author":2,"featured_media":35167,"comment_status":"closed","ping_status":"open","sticky":false,"template":"","format":"standard","meta":{"ub_ctt_via":"","_mi_skip_tracking":false},"categories":[6],"tags":[],"featured_image_src":"https:\/\/www.messinaoggi.it\/website\/wp-content\/uploads\/2019\/07\/946E7358-09AF-4E20-9DFF-9F5E64B9AE32.jpeg","author_info":{"display_name":"Redazione","author_link":"https:\/\/www.messinaoggi.it\/website\/author\/redazione\/"},"digistream_id":0,"digistream":false,"_links":{"self":[{"href":"https:\/\/www.messinaoggi.it\/website\/wp-json\/wp\/v2\/posts\/35168"}],"collection":[{"href":"https:\/\/www.messinaoggi.it\/website\/wp-json\/wp\/v2\/posts"}],"about":[{"href":"https:\/\/www.messinaoggi.it\/website\/wp-json\/wp\/v2\/types\/post"}],"author":[{"embeddable":true,"href":"https:\/\/www.messinaoggi.it\/website\/wp-json\/wp\/v2\/users\/2"}],"replies":[{"embeddable":true,"href":"https:\/\/www.messinaoggi.it\/website\/wp-json\/wp\/v2\/comments?post=35168"}],"version-history":[{"count":0,"href":"https:\/\/www.messinaoggi.it\/website\/wp-json\/wp\/v2\/posts\/35168\/revisions"}],"wp:featuredmedia":[{"embeddable":true,"href":"https:\/\/www.messinaoggi.it\/website\/wp-json\/wp\/v2\/media\/35167"}],"wp:attachment":[{"href":"https:\/\/www.messinaoggi.it\/website\/wp-json\/wp\/v2\/media?parent=35168"}],"wp:term":[{"taxonomy":"category","embeddable":true,"href":"https:\/\/www.messinaoggi.it\/website\/wp-json\/wp\/v2\/categories?post=35168"},{"taxonomy":"post_tag","embeddable":true,"href":"https:\/\/www.messinaoggi.it\/website\/wp-json\/wp\/v2\/tags?post=35168"}],"curies":[{"name":"wp","href":"https:\/\/api.w.org\/{rel}","templated":true}]}}