{"id":35123,"date":"2019-07-16T16:36:32","date_gmt":"2019-07-16T14:36:32","guid":{"rendered":"https:\/\/www.messinaoggi.it\/website\/?p=35123"},"modified":"2019-07-16T16:36:32","modified_gmt":"2019-07-16T14:36:32","slug":"parcheggi-papardo-personale-in-coda-per-i-badge-uil-fpl-siamo-disgustati","status":"publish","type":"post","link":"https:\/\/www.messinaoggi.it\/website\/2019\/07\/16\/parcheggi-papardo-personale-in-coda-per-i-badge-uil-fpl-siamo-disgustati\/","title":{"rendered":"Parcheggi Papardo, personale in coda per i badge. Uil-Fpl: &quot;Siamo disgustati&quot;"},"content":{"rendered":"<p class=\"p1\" style=\"text-align: justify;\"><span class=\"s1\">Questa mattina al Papardo \u00e8 iniziata la distribuzione dei badge per il personale in vista dell\u2019istituzione dei parcheggi a pagamento all\u2019interno della struttura sanitaria. Si \u00e8 registrato un gran caos perch\u00e9 l\u2019azienda non ha razionalizzato la distribuzione, generando notevoli disagi per il personale in servizio.<\/span><div id=\"div-gpt-ad-Messinaoggi.it-DSK-300x250-corpoart\" style=\"text-align:center;margin:0 auto;\"><\/div><\/p>\n<p class=\"p1\" style=\"text-align: justify;\"><span class=\"s1\">\u201c<i>Siamo disgustati \u2013 affermano <\/i><b><i>Pippo Calapai<\/i><\/b><i>, <\/i><b><i>Corrado La Manna<\/i><\/b><i> e <\/i><b><i>Livio Andronico<\/i><\/b><i>, rispettivamente segretario generale, responsabile aziendale e responsabile aziendale area del Comparto della Uil-Fpl \u2013 per come \u00e8 stato trattato il personale e per la disorganizzazione dell\u2019azienda. Le scene che si sono presentate ai nostri occhi ci hanno riportato indietro nel tempo, ai tempi della Guerra quando gli sfollati erano in fila con la tessera per ricevere il pane. A ci\u00f2 si aggiunga che il precedente management dell\u2019azienda, in maniera inspiegabile, non ha interpellato le organizzazioni sindacali per la decisione di riservare un numero di posti auto necessario per soddisfare il fabbisogno del personale. Ci\u00f2 determiner\u00e0 giocoforza una disparit\u00e0 di trattamento e scatener\u00e0 una caccia al posto auto per evitare di pagare un autentico salasso. Infatti, conti ala mano, il personale che non trover\u00e0 un posto per la propria auto dovr\u00e0 pagare il biglietto per un esborso di circa 70 euro al mese. Ci\u00f2 significa che lo stipendio subir\u00e0 una riduzione, con le comprensibili conseguenze che ne possono derivare per i dipendenti. Auspichiamo che domani il\u00a0management aziendale del Papardo trovi le soluzioni per non\u00a0penalizzare il personale dipendente che l\u2019ex manager Vullo, in maniera spropositata senza avere informato preventivamente le organizzazioni sindacali, aveva assegnato la gestione dei parcheggi ad una cooperativa, penalizzando i lavoratori. Non accettiamo, infine, che l\u2019azienda possa\u00a0mettere le mani in tasca ai dipendenti e per questo motivo domani mattina abbiamo deciso di autoconvocare il personale iscritto al nostro e ad altri sindacati. Siamo comunque pronti al altre forma di protesta plateale perch\u00e9 \u00e8 inaccettabile la situazione che si \u00e8 venuta a creare\u201d.<\/i><\/span><div id=\"videoincontent\" style=\"clear:both\";><\/div><\/p>\n<p class=\"p1\" style=\"text-align: justify;\"><span class=\"s1\">Concludono cos\u00ec i sindacalisti della Uil-Fpl Messina, guidata da <b>Pippo Calapai<\/b>.<\/span><\/p>\n","protected":false},"excerpt":{"rendered":"<p>Questa mattina al Papardo \u00e8 iniziata la distribuzione dei badge per il personale in vista dell\u2019istituzione dei parcheggi a pagamento all\u2019interno della struttura sanitaria. Si \u00e8 registrato un gran caos perch\u00e9 l\u2019azienda non ha razionalizzato la distribuzione, generando notevoli disagi per il personale in servizio. \u201cSiamo disgustati \u2013 affermano Pippo Calapai, Corrado La Manna e [&hellip;]<\/p>\n","protected":false},"author":2,"featured_media":35124,"comment_status":"closed","ping_status":"open","sticky":false,"template":"","format":"standard","meta":{"ub_ctt_via":"","_mi_skip_tracking":false},"categories":[6],"tags":[],"featured_image_src":"https:\/\/www.messinaoggi.it\/website\/wp-content\/uploads\/2019\/07\/e88368f3-9e0a-4f5d-a8f3-4d64045bf5e1.jpg","author_info":{"display_name":"Redazione","author_link":"https:\/\/www.messinaoggi.it\/website\/author\/redazione\/"},"digistream_id":0,"digistream":false,"_links":{"self":[{"href":"https:\/\/www.messinaoggi.it\/website\/wp-json\/wp\/v2\/posts\/35123"}],"collection":[{"href":"https:\/\/www.messinaoggi.it\/website\/wp-json\/wp\/v2\/posts"}],"about":[{"href":"https:\/\/www.messinaoggi.it\/website\/wp-json\/wp\/v2\/types\/post"}],"author":[{"embeddable":true,"href":"https:\/\/www.messinaoggi.it\/website\/wp-json\/wp\/v2\/users\/2"}],"replies":[{"embeddable":true,"href":"https:\/\/www.messinaoggi.it\/website\/wp-json\/wp\/v2\/comments?post=35123"}],"version-history":[{"count":0,"href":"https:\/\/www.messinaoggi.it\/website\/wp-json\/wp\/v2\/posts\/35123\/revisions"}],"wp:featuredmedia":[{"embeddable":true,"href":"https:\/\/www.messinaoggi.it\/website\/wp-json\/wp\/v2\/media\/35124"}],"wp:attachment":[{"href":"https:\/\/www.messinaoggi.it\/website\/wp-json\/wp\/v2\/media?parent=35123"}],"wp:term":[{"taxonomy":"category","embeddable":true,"href":"https:\/\/www.messinaoggi.it\/website\/wp-json\/wp\/v2\/categories?post=35123"},{"taxonomy":"post_tag","embeddable":true,"href":"https:\/\/www.messinaoggi.it\/website\/wp-json\/wp\/v2\/tags?post=35123"}],"curies":[{"name":"wp","href":"https:\/\/api.w.org\/{rel}","templated":true}]}}