{"id":35088,"date":"2019-07-15T11:31:32","date_gmt":"2019-07-15T09:31:32","guid":{"rendered":"https:\/\/www.messinaoggi.it\/website\/?p=35088"},"modified":"2019-07-15T11:31:32","modified_gmt":"2019-07-15T09:31:32","slug":"ordinanza-contro-lambulantato-laimo-tutelare-chi-svolge-regolarmente-tale-attivita","status":"publish","type":"post","link":"https:\/\/www.messinaoggi.it\/website\/2019\/07\/15\/ordinanza-contro-lambulantato-laimo-tutelare-chi-svolge-regolarmente-tale-attivita\/","title":{"rendered":"Ordinanza contro l&#039;ambulantato, Laimo: &quot;Tutelare chi svolge regolarmente tale attivit\u00e0&quot;"},"content":{"rendered":"<p>La recente ordinanza sindacale che prevede per i prossimi due mesi il divieto assoluto di una qualsiasi attivit\u00e0 di commercio ambulante su area pubblica, e in particolare lungo la riviera Nord e Sud, ha suscitato le preoccupazioni del consigliere della V Circoscrizione Franco Laimo, il quale da sempre si \u00e8 battuto per tutelare coloro i quali svolgono regolarmente l&#8217;attivit\u00e0 di commercio su strada: &#8220;<em>L&#8217;ordinanza<\/em> &#8211; spiega il consigliere circoscrizionale &#8211; <em>mette in un unico calderone tutto ci\u00f2 che riguarda l&#8217;ambulantato, da quello selvaggio ed abusivo a quello che vede i commercianti iscritti regolarmente alla Camera di Commercio, Agenzia delle Entrate e agli enti previdenziali e assistenziali, godendo dunque di regolare licenza<\/em>&#8220;.<br \/>\n&#8220;<em>L&#8217;ordinanza<\/em> &#8211; prosegue Laimo &#8211; <em>si \u00e8 resa necessaria per garantire la sicurezza urbana e prevenire i fenomeni di degrado sociale; ma quale degrado sociale dovrebbe causare un caratteristico truck o chiosco mobile enogastronomico di cucina tradizionale e locale? In tutti i luoghi turistici della Sicilia i turisti cercano le nostre tradizioni anche e soprattutto dal punto di vista gastronomico. Non sarebbe dunque il caso di apportare qualche modifica e correttivo a tale ordinanza, garantendo altres\u00ec il diritto al lavoro nella piena legalit\u00e0 a chi produce un contributo culturale con la propria attivit\u00e0?<\/em>&#8220;.<br \/>\n <br \/>\n <div id=\"div-gpt-ad-Messinaoggi.it-DSK-300x250-corpoart\" style=\"text-align:center;margin:0 auto;\"><\/div><\/p>\n<div id=\"videoincontent\" style=\"clear:both\";><\/div>","protected":false},"excerpt":{"rendered":"<p>La recente ordinanza sindacale che prevede per i prossimi due mesi il divieto assoluto di una qualsiasi attivit\u00e0 di commercio ambulante su area pubblica, e in particolare lungo la riviera Nord e Sud, ha suscitato le preoccupazioni del consigliere della V Circoscrizione Franco Laimo, il quale da sempre si \u00e8 battuto per tutelare coloro i [&hellip;]<\/p>\n","protected":false},"author":8,"featured_media":35091,"comment_status":"closed","ping_status":"open","sticky":false,"template":"","format":"standard","meta":{"ub_ctt_via":"","_mi_skip_tracking":false},"categories":[4],"tags":[],"featured_image_src":"https:\/\/www.messinaoggi.it\/website\/wp-content\/uploads\/2019\/07\/franco-laimo-2.jpg","author_info":{"display_name":"red..me","author_link":"https:\/\/www.messinaoggi.it\/website\/author\/redstage\/"},"digistream_id":0,"digistream":false,"_links":{"self":[{"href":"https:\/\/www.messinaoggi.it\/website\/wp-json\/wp\/v2\/posts\/35088"}],"collection":[{"href":"https:\/\/www.messinaoggi.it\/website\/wp-json\/wp\/v2\/posts"}],"about":[{"href":"https:\/\/www.messinaoggi.it\/website\/wp-json\/wp\/v2\/types\/post"}],"author":[{"embeddable":true,"href":"https:\/\/www.messinaoggi.it\/website\/wp-json\/wp\/v2\/users\/8"}],"replies":[{"embeddable":true,"href":"https:\/\/www.messinaoggi.it\/website\/wp-json\/wp\/v2\/comments?post=35088"}],"version-history":[{"count":0,"href":"https:\/\/www.messinaoggi.it\/website\/wp-json\/wp\/v2\/posts\/35088\/revisions"}],"wp:featuredmedia":[{"embeddable":true,"href":"https:\/\/www.messinaoggi.it\/website\/wp-json\/wp\/v2\/media\/35091"}],"wp:attachment":[{"href":"https:\/\/www.messinaoggi.it\/website\/wp-json\/wp\/v2\/media?parent=35088"}],"wp:term":[{"taxonomy":"category","embeddable":true,"href":"https:\/\/www.messinaoggi.it\/website\/wp-json\/wp\/v2\/categories?post=35088"},{"taxonomy":"post_tag","embeddable":true,"href":"https:\/\/www.messinaoggi.it\/website\/wp-json\/wp\/v2\/tags?post=35088"}],"curies":[{"name":"wp","href":"https:\/\/api.w.org\/{rel}","templated":true}]}}