{"id":35054,"date":"2019-07-13T18:04:57","date_gmt":"2019-07-13T16:04:57","guid":{"rendered":"https:\/\/www.messinaoggi.it\/website\/?p=35054"},"modified":"2019-07-13T18:04:57","modified_gmt":"2019-07-13T16:04:57","slug":"parcheggi-papardo-sindacati-sul-piede-di-guerra-mercoledi-autoconvocazione","status":"publish","type":"post","link":"https:\/\/www.messinaoggi.it\/website\/2019\/07\/13\/parcheggi-papardo-sindacati-sul-piede-di-guerra-mercoledi-autoconvocazione\/","title":{"rendered":"Parcheggi Papardo, sindacati sul piede di guerra. Mercoled\u00ec autoconvocazione"},"content":{"rendered":"<p>L\u2019attivazione dei parcheggi a pagamento all\u2019interno dell\u2019ospedale Papardo ha acceso lo scontro fra sindacati e management dell\u2019azienda sanitaria. Non vi \u00e8 stata alcuna preventiva comunicazione alle organizzazioni sindacali e per questo motivo \u00e8 Fp Cgil, Uil-Fpl e Fvm (Federazione medici veterinari di Messina), hanno deciso di autoconvocarsi per mercoled\u00ec 17 luglio, alle ore 11, per discutere la problematica dei posteggi a pagamento. Ci\u00f2 determinerebbe un esborso mensile per i lavoratori, costretti a pagare la sosta perch\u00e9 il servizio \u00e8 stato esternalizzato.<br \/>\n\u201c<em>Le organizzazioni sindacali \u2013 afferma <strong>Pippo Calapai<\/strong>, segretario generale della Uil-Fpl \u2013 non sono state informate dall\u2019amministrazione di voler attivare i posteggi a pagamento. Per questo motivo abbiamo deciso di autoconvocarci per affrontare tale problematica, dal momento che tale decisione creer\u00e0 sicuramente notevoli disagi ai dipendenti e di conseguenza all\u2019attivit\u00e0 assistenziale. Infatti, il numero dei posteggi riservato ai dipendenti risulta inferiore rispetto al reale fabbisogno. Tale numero scaturisce da una mancata istruttoria da parte dell\u2019Azienda nella procedura di affidamento di gara, che le organizzazioni sindacali hanno gi\u00e0 denunziato alla competente autorit\u00e0 giudiziaria. Ci\u00f2 determiner\u00e0 una disparit\u00e0 di trattamento fra gli stessi dipendenti, alcuni dei quali \u2018fortunati\u2019 avranno i posti, gli altri dovranno pagare la sosta<\/em>\u201d.<br \/>\nConclude cos\u00ec Pippo Calapai, segretario della Uil-Fpl.<br \/>\n <br \/>\n <div id=\"div-gpt-ad-Messinaoggi.it-DSK-300x250-corpoart\" style=\"text-align:center;margin:0 auto;\"><\/div><\/p>\n<div id=\"videoincontent\" style=\"clear:both\";><\/div>","protected":false},"excerpt":{"rendered":"<p>L\u2019attivazione dei parcheggi a pagamento all\u2019interno dell\u2019ospedale Papardo ha acceso lo scontro fra sindacati e management dell\u2019azienda sanitaria. Non vi \u00e8 stata alcuna preventiva comunicazione alle organizzazioni sindacali e per questo motivo \u00e8 Fp Cgil, Uil-Fpl e Fvm (Federazione medici veterinari di Messina), hanno deciso di autoconvocarsi per mercoled\u00ec 17 luglio, alle ore 11, per [&hellip;]<\/p>\n","protected":false},"author":2,"featured_media":1428,"comment_status":"closed","ping_status":"open","sticky":false,"template":"","format":"standard","meta":{"ub_ctt_via":"","_mi_skip_tracking":false},"categories":[6],"tags":[],"featured_image_src":"https:\/\/www.messinaoggi.it\/website\/wp-content\/uploads\/2017\/06\/Papardo-Pronto-Soccorso-1-2.jpg","author_info":{"display_name":"Redazione","author_link":"https:\/\/www.messinaoggi.it\/website\/author\/redazione\/"},"digistream_id":0,"digistream":false,"_links":{"self":[{"href":"https:\/\/www.messinaoggi.it\/website\/wp-json\/wp\/v2\/posts\/35054"}],"collection":[{"href":"https:\/\/www.messinaoggi.it\/website\/wp-json\/wp\/v2\/posts"}],"about":[{"href":"https:\/\/www.messinaoggi.it\/website\/wp-json\/wp\/v2\/types\/post"}],"author":[{"embeddable":true,"href":"https:\/\/www.messinaoggi.it\/website\/wp-json\/wp\/v2\/users\/2"}],"replies":[{"embeddable":true,"href":"https:\/\/www.messinaoggi.it\/website\/wp-json\/wp\/v2\/comments?post=35054"}],"version-history":[{"count":0,"href":"https:\/\/www.messinaoggi.it\/website\/wp-json\/wp\/v2\/posts\/35054\/revisions"}],"wp:featuredmedia":[{"embeddable":true,"href":"https:\/\/www.messinaoggi.it\/website\/wp-json\/wp\/v2\/media\/1428"}],"wp:attachment":[{"href":"https:\/\/www.messinaoggi.it\/website\/wp-json\/wp\/v2\/media?parent=35054"}],"wp:term":[{"taxonomy":"category","embeddable":true,"href":"https:\/\/www.messinaoggi.it\/website\/wp-json\/wp\/v2\/categories?post=35054"},{"taxonomy":"post_tag","embeddable":true,"href":"https:\/\/www.messinaoggi.it\/website\/wp-json\/wp\/v2\/tags?post=35054"}],"curies":[{"name":"wp","href":"https:\/\/api.w.org\/{rel}","templated":true}]}}