{"id":34989,"date":"2019-07-12T11:41:31","date_gmt":"2019-07-12T09:41:31","guid":{"rendered":"https:\/\/www.messinaoggi.it\/website\/?p=34989"},"modified":"2019-07-12T11:41:31","modified_gmt":"2019-07-12T09:41:31","slug":"vendita-illecita-di-testi-antichi-un-soggetto-accusato-di-ricettazione","status":"publish","type":"post","link":"https:\/\/www.messinaoggi.it\/website\/2019\/07\/12\/vendita-illecita-di-testi-antichi-un-soggetto-accusato-di-ricettazione\/","title":{"rendered":"Vendita illecita di testi antichi: un soggetto accusato di ricettazione"},"content":{"rendered":"<p>\u00c8 ritenuto responsabile del reato di ricettazione il soggetto coinvolto nell&#8217;ambito dell&#8217;indagine che ha portato al sequestro di 342 volumi antichi, in quanto avrebbe attivato un\u2019asta online per la vendita illecita di tali testi. In particolare, i volumi sono di propriet\u00e0 della Biblioteca Ignaziana di Messina (appartenente all\u2019Ordine della Compagnia di Ges\u00f9), e sono riconducibili a un periodo storico compreso tra i secoli XV e XIX.<br \/>\nLe indagini, coordinate dalla Procura della Repubblica di Messina e condotte dalla sezione carabinieri Tutela Patrimonio Culturale (TPC) di Siracusa, in collaborazione con l\u2019Arma territoriale di Messina, sono state sviluppate a seguito di una sistematica azione di monitoraggio dei siti <em>e-commerce<\/em>, pi\u00f9 volte utilizzati anche per l\u2019illecito commercio di beni d\u2019antiquariato e archivistici. Tra il consistente numero di volumi rinvenuti, \u00e8 stato individuato un nucleo di tomi che evidenzia le caratteristiche della preziosit\u00e0 e rarit\u00e0, quali la presenza di annotazioni manoscritte, elementi decorativi miniati e note d\u2019uso storicamente molto interessanti. \u00c8 il caso di tre pregiati incunaboli, tra cui l\u2019edizione del 1476 del \u201c<em>De unitate intellectus contra Averroem\u201d<\/em> di Tommaso d\u2019Aquino, da considerarsi un <em>unicum<\/em> poich\u00e9 edizione rara censita in soli 26 esemplari (2 in Sicilia).<br \/>\n\t<div class=\"carousel-container\">\r\n\t\t\t\t\t\t<ul class=\"carousel\">\r\n\t\t\t\t\t\t\t<input class=\"carousel_activator\" type=\"radio\" id=\"immagine_1\" name=\"activator\" checked=\"checked\"\/><input class=\"carousel_activator\" type=\"radio\" id=\"immagine_2\" name=\"activator\" \/>  <div class=\"carousel_controls\">\r\n\t\t\t\t\t\t\t\t\t\t\t<label class=\"carousel_control carousel_control--backward\" for=\"immagine_2\"><\/label>\r\n\t\t\t\t\t\t\t\t\t\t\t<label class=\"carousel_control carousel_control--forward\" for=\"immagine_2\"><\/label>\r\n\t\t\t\t\t\t\t\t\t\t<\/div>\t<div class=\"carousel_controls\">\r\n\t\t\t\t\t\t\t\t\t\t\t<label class=\"carousel_control carousel_control--backward\" for=\"immagine_1\"><\/label>\r\n\t\t\t\t\t\t\t\t\t\t\t<label class=\"carousel_control carousel_control--forward\" for=\"immagine_1\"><\/label>\r\n\t\t\t\t\t\t\t\t\t\t<\/div>\r\n\t\t\t\t\t\t\t<li class=\"carousel_slide\"><h1 style=\"color:white;\"><\/h1><\/li><li class=\"carousel_slide\"><h1 style=\"color:white;\"><\/h1><\/li>\r\n\t\t\t\t\t\t\t<div class=\"carousel_indicators\"><label class=\"carousel_indicator\" for=\"immagine_1\"><\/label><label class=\"carousel_indicator\" for=\"immagine_2\"><\/label><\/div>\r\n\t\t\t\t\t\t<\/ul>\r\n\t\t\t\t\t<\/div>\r\n\t\t<style>.carousel-container {display: inline-block;width:100%;}.carousel {height: 450px;width: 100%;overflow: hidden;text-align: center;position: relative;padding: 0;list-style: none;}.carousel_controls,.carousel_activator {display: none;}.carousel_control {height: 30px;width: 30px;margin-top: -15px;top: 50%;position: absolute;display: block;cursor: pointer;border-width: 5px 5px 0 0;border-style: solid;border-color: #fafafa;opacity: 0.9;outline: 0;z-index: 3;}.carousel_control:hover {opacity: 1;}.carousel_control--backward {left: 10px;-webkit-transform: rotate(-135deg);transform: rotate(-135deg);}.carousel_control--forward {right: 10px;-webkit-transform: rotate(45deg);transform: rotate(45deg);}.carousel_indicators {position: absolute;bottom: 20px;width: 100%;text-align: center;}.carousel_indicator {height: 15px;width: 15px;border-radius: 100%;display: inline-block;z-index: 2;cursor: pointer;opacity: 0.35;margin: 0 2.5px 0 2.5px;}.carousel_indicator:hover {opacity: 0.75;}.carousel_track {position: absolute;top: 0;right: 0;bottom: 0;left: 0;padding: 0;margin: 0;transition: -webkit-transform 1s ease 0s;transition: transform 1s ease 0s;transition: transform 1s ease 0s, -webkit-transform 1s ease 0s;}.carousel_track .carousel_slide {display: block;top: 0;left: 0;right: 0;opacity: 1;}.carousel--scale .carousel_slide {-webkit-transform: scale(0);transform: scale(0);}.carousel_slide {height: 100%;position: absolute!important;overflow-y: auto;opacity: 0;}.carousel_slide {overflow: hidden;}.carousel--thumb .carousel_indicator {height: 30px;width: 30px;}.carousel_indicator {background-color: #fafafa;}.carousel_activator:nth-of-type(1):checked ~ .carousel_track { -webkit-transform: translateX(0%);transform: translateX(0%); }\r\n\t\t\t\t\t\t\t.carousel_activator:nth-of-type(1):checked ~ .carousel_slide:nth-of-type(1) { transition: opacity 1s, -webkit-transform 1s;transition: opacity 1s, transform 1s;transition: opacity 1s, transform 1s, -webkit-transform 1s;top: 0;left: 0;right: 0;opacity: 1;-webkit-transform: scale(1);transform: scale(1); }\r\n\t\t\t\t\t\t\t.carousel_activator:nth-of-type(1):checked ~ .carousel_controls:nth-of-type(1) { display: block;opacity: 1; }\r\n\t\t\t\t\t\t\t.carousel_activator:nth-of-type(1):checked ~ .carousel_indicators .carousel_indicator:nth-of-type(1) { opacity: 1; }\r\n\t\t\t\t\t\t\t.carousel_slide:nth-of-type(1), .carousel--thumb .carousel_indicators .carousel_indicator:nth-of-type(1) { background-image: url(https:\/\/www.messinaoggi.it\/website\/wp-content\/uploads\/2019\/07\/sequestro-testi-antichi-1.jpg);background-size: contain;background-position: center;background-repeat: no-repeat;background-color: black; }\r\n\t\t\t\t\t\t\t.carousel_track .carousel_slide:nth-of-type(1) { -webkit-transform: translateX(0%);transform: translateX(0%);}.carousel_activator:nth-of-type(2):checked ~ .carousel_track { -webkit-transform: translateX(0%);transform: translateX(0%); }\r\n\t\t\t\t\t\t\t.carousel_activator:nth-of-type(2):checked ~ .carousel_slide:nth-of-type(2) { transition: opacity 1s, -webkit-transform 1s;transition: opacity 1s, transform 1s;transition: opacity 1s, transform 1s, -webkit-transform 1s;top: 0;left: 0;right: 0;opacity: 1;-webkit-transform: scale(1);transform: scale(1); }\r\n\t\t\t\t\t\t\t.carousel_activator:nth-of-type(2):checked ~ .carousel_controls:nth-of-type(2) { display: block;opacity: 1; }\r\n\t\t\t\t\t\t\t.carousel_activator:nth-of-type(2):checked ~ .carousel_indicators .carousel_indicator:nth-of-type(2) { opacity: 1; }\r\n\t\t\t\t\t\t\t.carousel_slide:nth-of-type(2), .carousel--thumb .carousel_indicators .carousel_indicator:nth-of-type(2) { background-image: url(https:\/\/www.messinaoggi.it\/website\/wp-content\/uploads\/2019\/07\/testi-antichi.jpg);background-size: contain;background-position: center;background-repeat: no-repeat;background-color: black; }\r\n\t\t\t\t\t\t\t.carousel_track .carousel_slide:nth-of-type(2) { -webkit-transform: translateX(100%);transform: translateX(100%);}<\/style><br \/>\nLe indagini, condotte mediante l\u2019utilizzo del peculiare strumento di indagine costituito dalla Banca Dati dei beni culturali illecitamente sottratti, la pi\u00f9 grande banca dati di opere d\u2019arte rubate al mondo, gestita dal comando carabinieri TPC, hanno permesso di individuare l&#8217;indagato che aveva attivato un\u2019asta online per la vendita dei volumi.<div id=\"div-gpt-ad-Messinaoggi.it-DSK-300x250-corpoart\" style=\"text-align:center;margin:0 auto;\"><\/div><\/p>\n<div id=\"videoincontent\" style=\"clear:both\";><\/div>","protected":false},"excerpt":{"rendered":"<p>\u00c8 ritenuto responsabile del reato di ricettazione il soggetto coinvolto nell&#8217;ambito dell&#8217;indagine che ha portato al sequestro di 342 volumi antichi, in quanto avrebbe attivato un\u2019asta online per la vendita illecita di tali testi. In particolare, i volumi sono di propriet\u00e0 della Biblioteca Ignaziana di Messina (appartenente all\u2019Ordine della Compagnia di Ges\u00f9), e sono riconducibili [&hellip;]<\/p>\n","protected":false},"author":8,"featured_media":34995,"comment_status":"closed","ping_status":"open","sticky":false,"template":"","format":"standard","meta":{"ub_ctt_via":"","_mi_skip_tracking":false},"categories":[6],"tags":[],"featured_image_src":"https:\/\/www.messinaoggi.it\/website\/wp-content\/uploads\/2019\/07\/testo-antico.jpg","author_info":{"display_name":"red..me","author_link":"https:\/\/www.messinaoggi.it\/website\/author\/redstage\/"},"digistream_id":0,"digistream":false,"_links":{"self":[{"href":"https:\/\/www.messinaoggi.it\/website\/wp-json\/wp\/v2\/posts\/34989"}],"collection":[{"href":"https:\/\/www.messinaoggi.it\/website\/wp-json\/wp\/v2\/posts"}],"about":[{"href":"https:\/\/www.messinaoggi.it\/website\/wp-json\/wp\/v2\/types\/post"}],"author":[{"embeddable":true,"href":"https:\/\/www.messinaoggi.it\/website\/wp-json\/wp\/v2\/users\/8"}],"replies":[{"embeddable":true,"href":"https:\/\/www.messinaoggi.it\/website\/wp-json\/wp\/v2\/comments?post=34989"}],"version-history":[{"count":0,"href":"https:\/\/www.messinaoggi.it\/website\/wp-json\/wp\/v2\/posts\/34989\/revisions"}],"wp:featuredmedia":[{"embeddable":true,"href":"https:\/\/www.messinaoggi.it\/website\/wp-json\/wp\/v2\/media\/34995"}],"wp:attachment":[{"href":"https:\/\/www.messinaoggi.it\/website\/wp-json\/wp\/v2\/media?parent=34989"}],"wp:term":[{"taxonomy":"category","embeddable":true,"href":"https:\/\/www.messinaoggi.it\/website\/wp-json\/wp\/v2\/categories?post=34989"},{"taxonomy":"post_tag","embeddable":true,"href":"https:\/\/www.messinaoggi.it\/website\/wp-json\/wp\/v2\/tags?post=34989"}],"curies":[{"name":"wp","href":"https:\/\/api.w.org\/{rel}","templated":true}]}}