{"id":34978,"date":"2019-07-12T10:00:37","date_gmt":"2019-07-12T08:00:37","guid":{"rendered":"https:\/\/www.messinaoggi.it\/website\/?p=34978"},"modified":"2019-07-12T10:00:37","modified_gmt":"2019-07-12T08:00:37","slug":"ferve-lattesa-per-la-diciannovesima-edizione-di-castroreale-milazzo-jazz-festival","status":"publish","type":"post","link":"https:\/\/www.messinaoggi.it\/website\/2019\/07\/12\/ferve-lattesa-per-la-diciannovesima-edizione-di-castroreale-milazzo-jazz-festival\/","title":{"rendered":"Ferve l&#039;attesa per il &quot;Castroreale-Milazzo jazz festival&quot;"},"content":{"rendered":"<p>Inizia il countdown per la diciannovesima edizione del Castroreale Jazz Festival che nei primi dieci giorni di agosto animer\u00e0 il borgo castrense. \u00a0\u00a0Il magico \u00a0palcoscenico sotto le stelle che si alterner\u00e0 tra Castroreale e Milazzo \u00a0ospiter\u00e0 gli artisti pi\u00f9 prestigiosi della scena musicale internazionale.<br \/>\nSi partir\u00e0 <strong>gioved\u00ec primo agosto da Castroreale<\/strong>. Protagonista \u00a0<strong>Kekko Fornarelli Trio<\/strong>. Pianista pugliese, uno dei performer e compositori pi\u00f9 apprezzati del momento, Ha collaborato tra gli altri con Flavio Boltro, Francesco Bearzatti, Rosario Giuliani, e si caratterizza \u00a0per uno stile personale e introspettivo che spazia dalla musica classica, al rock, al pop, al trip-hop, restando sempre ancorato alla libert\u00e0 espressiva del jazz. A CastrorealeMilazzo Jazz Festival si esibisce con il bassista Federico Pecoraro e il batterista Dario Congedo.<br \/>\n<strong>Sabato<\/strong> <strong>tre agosto<\/strong> sar\u00e0 la volta di uno dei giganti del jazz internazionale: <strong>Stefano Di Battista.<\/strong> Uno dei maestri d\u2019ancia pi\u00f9 conosciuti al mondo, che ha collaborato con i pi\u00f9 grandi jazzisti di tutti i tempi: Aldo Romano, Michel Petrucciani, Elvin Jones, Michael Brecker, Paolo Fresu, Flavio Boltro, solo per ricordarne qualcuno, che ha suonato per anni nell\u2019<em>Orchestre National de Jazz <\/em>(ONJ) di Parigi, che ha inciso con le pi\u00f9 importanti etichette del settore tra cui le prestigiose Label Blue e Blue Note, a cui, per i suoi 50 anni, l\u2019autorevole rivista Jazzit ,nel numero 109\/19, gli ha dedicato una <em>cover story<\/em> di ben 50 pagine! A piazza Pertini, la magia delle note del suo sax si incrocer\u00e0 con il sound del contrabbasso di Daniele Sorrentino.<br \/>\n<img loading=\"lazy\" class=\"alignnone size-medium wp-image-34980\" src=\"https:\/\/www.messinaoggi.it\/website\/wp-content\/uploads\/2019\/07\/03_8dibattista_cmj2019-300x300.png\" alt=\"\" width=\"300\" height=\"300\" \/><br \/>\n<strong>Gioved\u00ec 8 agosto<\/strong> torner\u00e0 l\u2019appuntamento all\u2019alba, alle 5.30, al Borgo Antico di Milazzo. Si esibir\u00e0 \u201clo sciamano dei tamburi\u201d, <strong>Alfio Antico<\/strong>. Il musicista siciliano porter\u00e0 nel Chiostro del Rosario la poetica ancestrale e autentica dei suoi tamburi, un richiamo sincero alla narrazione della bellezza della natura, al suo vissuto di pastore, alla brina della notte, alla luce dell\u2019alba; tutte suggestioni che trovano nel respiro pulsante della terra dei vulcani, nell\u2019alfabeto ritmico delle tammorre, l\u2019estrema potente espressione. A Milazzo si esibisce con Puccio Castrogiovanni, marranzani e plettri.<br \/>\nIl festival si concluder\u00e0 a Castroreale, in piazza Duomo, che lo custodisce e accoglie da quasi vent\u2019anni, <strong>sabato dieci agosto<\/strong> con <strong>Carmen Souza<\/strong>\/Creology Tour, musicista e cantante portoghese di origini capoverdiane; una delle voci pi\u00f9 originali e rappresentative del jazz contemporaneo. La musica di Carmen Souza \u00e8 caratterizzata dalla mescolanza di ritmi tradizionali dell\u2019Africa e di Capo Verde con le influenze del jazz e del soul, amalgamati dall\u2019eleganza e la raffinatezza di una voce che narra del mondo delle ex colonie e della cultura creola.<br \/>\nDopo il concerto, piazza Duomo ospiter\u00e0 l\u2019esibizione <em>after show<\/em> del trio WE3O, Claudio Giambruno, sax, Giovanni Villafranca, contrabbasso, Paolo Vicari, batteria.<br \/>\nAncora qualche settimana, dunque, e poi sar\u00e0 ancora \u00a0il momento di vivere\u00a0 grandissime emozioni sotto il cielo stellato di Castroreale\/Milazzo Jazz Festival.<div id=\"div-gpt-ad-Messinaoggi.it-DSK-300x250-corpoart\" style=\"text-align:center;margin:0 auto;\"><\/div><\/p>\n<div id=\"videoincontent\" style=\"clear:both\";><\/div>","protected":false},"excerpt":{"rendered":"<p>Inizia il countdown per la diciannovesima edizione del Castroreale Jazz Festival che nei primi dieci giorni di agosto animer\u00e0 il borgo castrense. \u00a0\u00a0Il magico \u00a0palcoscenico sotto le stelle che si alterner\u00e0 tra Castroreale e Milazzo \u00a0ospiter\u00e0 gli artisti pi\u00f9 prestigiosi della scena musicale internazionale. Si partir\u00e0 gioved\u00ec primo agosto da Castroreale. Protagonista \u00a0Kekko Fornarelli Trio. [&hellip;]<\/p>\n","protected":false},"author":5,"featured_media":34979,"comment_status":"closed","ping_status":"open","sticky":false,"template":"","format":"standard","meta":{"ub_ctt_via":"","_mi_skip_tracking":false},"categories":[17],"tags":[],"featured_image_src":"https:\/\/www.messinaoggi.it\/website\/wp-content\/uploads\/2019\/07\/01_8fornarelli_cmj2019.png","author_info":{"display_name":"Maria Antonella Saia","author_link":"https:\/\/www.messinaoggi.it\/website\/author\/m-saia\/"},"digistream_id":0,"digistream":false,"_links":{"self":[{"href":"https:\/\/www.messinaoggi.it\/website\/wp-json\/wp\/v2\/posts\/34978"}],"collection":[{"href":"https:\/\/www.messinaoggi.it\/website\/wp-json\/wp\/v2\/posts"}],"about":[{"href":"https:\/\/www.messinaoggi.it\/website\/wp-json\/wp\/v2\/types\/post"}],"author":[{"embeddable":true,"href":"https:\/\/www.messinaoggi.it\/website\/wp-json\/wp\/v2\/users\/5"}],"replies":[{"embeddable":true,"href":"https:\/\/www.messinaoggi.it\/website\/wp-json\/wp\/v2\/comments?post=34978"}],"version-history":[{"count":0,"href":"https:\/\/www.messinaoggi.it\/website\/wp-json\/wp\/v2\/posts\/34978\/revisions"}],"wp:featuredmedia":[{"embeddable":true,"href":"https:\/\/www.messinaoggi.it\/website\/wp-json\/wp\/v2\/media\/34979"}],"wp:attachment":[{"href":"https:\/\/www.messinaoggi.it\/website\/wp-json\/wp\/v2\/media?parent=34978"}],"wp:term":[{"taxonomy":"category","embeddable":true,"href":"https:\/\/www.messinaoggi.it\/website\/wp-json\/wp\/v2\/categories?post=34978"},{"taxonomy":"post_tag","embeddable":true,"href":"https:\/\/www.messinaoggi.it\/website\/wp-json\/wp\/v2\/tags?post=34978"}],"curies":[{"name":"wp","href":"https:\/\/api.w.org\/{rel}","templated":true}]}}