{"id":34958,"date":"2019-07-11T11:21:02","date_gmt":"2019-07-11T09:21:02","guid":{"rendered":"https:\/\/www.messinaoggi.it\/website\/?p=34958"},"modified":"2019-07-11T11:21:02","modified_gmt":"2019-07-11T09:21:02","slug":"unime-il-19-luglio-la-cerimonia-di-consegna-dei-displomi-a-taormina","status":"publish","type":"post","link":"https:\/\/www.messinaoggi.it\/website\/2019\/07\/11\/unime-il-19-luglio-la-cerimonia-di-consegna-dei-displomi-a-taormina\/","title":{"rendered":"Unime, il 19 luglio la Cerimonia di consegna dei displomi a Taormina"},"content":{"rendered":"<p style=\"text-align: justify\"><span style=\"font-family: 'Arial',sans-serif\">Saranno oltre 4 mila le persone (studenti, accompagnatori e docenti) che il prossimo 19 luglio saranno presenti alla Cerimonia di consegna dei diplomi di laurea dell&#8217;Universit\u00e0 di Messina, che come di consueto si terr\u00e0 presso l\u2019incantevole scenario del Teatro Antico di Taormina. In particolare, la Cerimonia di quest\u2019anno, che preveder\u00e0 la consegna dei diplomi di laurea ad oltre 700 neolaureati dell\u2019Ateneo peloritano, si terr\u00e0 in un giorno importante, vale a dire nell\u2019anniversario della strage di via D\u2019Amelio, durante la quale perse la vita il magistrato simbolo della lotta alla mafia Paolo Borsellino: si tratta di un momento di grande significato per tutta la comunit\u00e0 accademica e si \u00e8 dunque scelto di onorare tutti coloro che hanno perso la vita per mano mafiosa. Per questo motivo, nel corso della prima parte della cerimonia, che sar\u00e0 dedicata alla commemorazione di Giovanni Falcone e Paolo Borsellino e di tutte le vittime di mafia, interverr\u00e0 il Procuratore della Repubblica Maurizio De Lucia.<\/span><div id=\"div-gpt-ad-Messinaoggi.it-DSK-300x250-corpoart\" style=\"text-align:center;margin:0 auto;\"><\/div><\/p>\n<p style=\"text-align: justify\"><span style=\"font-family: 'Arial',sans-serif\">Ospiti d\u2019onore della Cerimonia saranno tre laureati di successo dell\u2019Ateneo peloritano:<br \/>\n<\/span><strong><span style=\"font-family: 'Arial',sans-serif\">\u00a0\u00a0\u00a0 Luisa De Cola <\/span><\/strong><span style=\"font-family: 'Arial',sans-serif\">Professoressa presso l\u2019Institut de Science et d\u2019Ing\u00e9nierie Supramol\u00e9culaires Universit\u00e9 de Strasbourg, \u00e8 una delle pi\u00f9 importanti ricercatrici a livello mondiale. Chimico di formazione, ha lavorato in Italia, Olanda, Germania, Francia, oltre ad essere \u201cvisiting Professor\u201d in USA, Giappone, Spagna. Direttore del laboratorio di chimica supramolecolare e biomateriali all\u2019Istituto di Scienze dell\u2019ingegneria molecolare dell\u2019universit\u00e0 di Strasburgo, \u00e8 esperta di nano materiali, ha all\u2019attivo oltre 370 articoli, 36 brevetti e pi\u00f9 di 19 mila citazioni.<br \/>\n<\/span><strong><span style=\"font-family: 'Arial',sans-serif\">\u00a0\u00a0\u00a0 Ruggero Arico,<\/span><\/strong><span style=\"font-family: 'Arial',sans-serif\">\u00a0responsabile Affari Istituzionali per l\u2019Europa, l\u2019Africa e l\u2019Asia, presso Enel Green Power SpA. \u00c8 anche vice Presidente di \u201cConfindustria Assafrica &amp; Mediterraneo\u201d, Vice Presidente di \u201cDisability Pride Italy non-profit association\u201d, Board Member dell\u2019Italia-ASEAN Association, PHF e Membro del Rotary Club \u201cStretto di Messina\u201d Distretto 2110 Sicily &amp; Malta.<br \/>\n<\/span><strong><span style=\"font-family: 'Arial',sans-serif\">\u00a0\u00a0\u00a0 Alessandra Cerreti<\/span><\/strong><span style=\"font-family: 'Arial',sans-serif\">, ricopre la carica di Pubblico Ministero della Direzione Distrettuale Antimafia di Milano. Entrata in magistratura nel 1997, dal 1999 al 2009 \u00e8 stata Giudice del Tribunale Ordinario di Milano dove ha avuto modo di occuparsi di complessi procedimenti di criminalit\u00e0 organizzata. Dal gennaio 2010 \u00e8 alla Procura del Tribunale di Reggio Calabria. Dal settembre dello stesso anno fa parte della Direzione Distrettuale Antimafia di Reggio Calabria e, dall\u2019aprile 2016, del Consiglio Giudiziario presso la Corte d\u2019Appello di Milano.<\/span><div id=\"videoincontent\" style=\"clear:both\";><\/div><\/p>\n<p style=\"text-align: justify\"><span style=\"font-family: 'Arial',sans-serif\">Nel corso della serata sono previste, inoltre, le esibizioni del Coro d\u2019Ateneo e del pluripremiato Coro del Liceo Maurolico.<\/span><\/p>\n","protected":false},"excerpt":{"rendered":"<p>Saranno oltre 4 mila le persone (studenti, accompagnatori e docenti) che il prossimo 19 luglio saranno presenti alla Cerimonia di consegna dei diplomi di laurea dell&#8217;Universit\u00e0 di Messina, che come di consueto si terr\u00e0 presso l\u2019incantevole scenario del Teatro Antico di Taormina. In particolare, la Cerimonia di quest\u2019anno, che preveder\u00e0 la consegna dei diplomi di [&hellip;]<\/p>\n","protected":false},"author":8,"featured_media":22376,"comment_status":"closed","ping_status":"open","sticky":false,"template":"","format":"standard","meta":{"ub_ctt_via":"","_mi_skip_tracking":false},"categories":[7],"tags":[],"featured_image_src":"https:\/\/www.messinaoggi.it\/website\/wp-content\/uploads\/2018\/07\/cerimonia-consegna-diplomi-laurea-unime-18-1.jpg","author_info":{"display_name":"red..me","author_link":"https:\/\/www.messinaoggi.it\/website\/author\/redstage\/"},"digistream_id":0,"digistream":false,"_links":{"self":[{"href":"https:\/\/www.messinaoggi.it\/website\/wp-json\/wp\/v2\/posts\/34958"}],"collection":[{"href":"https:\/\/www.messinaoggi.it\/website\/wp-json\/wp\/v2\/posts"}],"about":[{"href":"https:\/\/www.messinaoggi.it\/website\/wp-json\/wp\/v2\/types\/post"}],"author":[{"embeddable":true,"href":"https:\/\/www.messinaoggi.it\/website\/wp-json\/wp\/v2\/users\/8"}],"replies":[{"embeddable":true,"href":"https:\/\/www.messinaoggi.it\/website\/wp-json\/wp\/v2\/comments?post=34958"}],"version-history":[{"count":0,"href":"https:\/\/www.messinaoggi.it\/website\/wp-json\/wp\/v2\/posts\/34958\/revisions"}],"wp:featuredmedia":[{"embeddable":true,"href":"https:\/\/www.messinaoggi.it\/website\/wp-json\/wp\/v2\/media\/22376"}],"wp:attachment":[{"href":"https:\/\/www.messinaoggi.it\/website\/wp-json\/wp\/v2\/media?parent=34958"}],"wp:term":[{"taxonomy":"category","embeddable":true,"href":"https:\/\/www.messinaoggi.it\/website\/wp-json\/wp\/v2\/categories?post=34958"},{"taxonomy":"post_tag","embeddable":true,"href":"https:\/\/www.messinaoggi.it\/website\/wp-json\/wp\/v2\/tags?post=34958"}],"curies":[{"name":"wp","href":"https:\/\/api.w.org\/{rel}","templated":true}]}}