{"id":34886,"date":"2019-07-09T11:56:45","date_gmt":"2019-07-09T09:56:45","guid":{"rendered":"https:\/\/www.messinaoggi.it\/website\/?p=34886"},"modified":"2019-07-09T11:56:45","modified_gmt":"2019-07-09T09:56:45","slug":"barcellona-lamministrazione-materia-esprime-orgoglio-per-i-successi-ottenuti-dalla-compagnia-dei-balocchi-di-sasa-neri","status":"publish","type":"post","link":"https:\/\/www.messinaoggi.it\/website\/2019\/07\/09\/barcellona-lamministrazione-materia-esprime-orgoglio-per-i-successi-ottenuti-dalla-compagnia-dei-balocchi-di-sasa-neri\/","title":{"rendered":"Barcellona, Comune orgoglioso per i successi della Compagnia dei Balocchi di Sas\u00e0 Neri"},"content":{"rendered":"<p>Anche l\u2019Amministrazione Materia si congratula con il regista messinese Sas\u00e0 Neri per i\u00a0 successi raggiuti in questi giorni dalla Compagnia dei Balocchi. \u201cSono stati premiati quella seriet\u00e0, quell\u2019impegno e quelle capacit\u00e0 che ha mostrato anche nella direzione dei laboratori multidisciplinari del Teatro Mandanici, dedicati alla valorizzazione dei talenti del territorio\u201d. Con queste parole\u00a0<strong>il sindaco di Barcellona Pozzo di Gotto, Roberto Materia<\/strong>, ha accolto la notizia della\u00a0<strong>vittoria della medaglia di bronzo da parte della Compagnia dei Balocchi di Sas\u00e0 Neri alla Coppa Italia Performer Arti Sceniche<\/strong>.<br \/>\n\u201cLa nostra amministrazione \u00e8 felice che l\u2019ensemble diretto da Neri abbia avuto un\u2019affermazione cos\u00ec importante e si sia qualificato per la Coppa Europa del prossimo anno. Di quell\u2019ensemble fanno parte ottimi professionisti che hanno lavorato al fianco di Neri anche al Teatro Mandanici, da\u00a0<strong>Giulio Decembrini<\/strong>\u00a0a\u00a0<strong>Chiara Caravella<\/strong>, da\u00a0<strong>Alice Ingegneri<\/strong>\u00a0a\u00a0<strong>Margherita Frisone<\/strong>. Tutti molto giovani e, allo stesso tempo, qualificatissimi ed entusiasti. Non ci stupisce quindi che, oltre alla vittoria della Compagnia, e oltre alla medaglia d\u2019oro per la sua categoria vinta dal giovane\u00a0<strong>Santi Lembo<\/strong>, sia stata ammessa alla Coppa Europa anche Margherita Frisone, che al \u2018Mandanici\u2019 \u00e8 stata coach di dizione e fonetica. Abbiamo visto anche qui quanto e come Sas\u00e0 Neri sappia tirar fuori grinta, coraggio e dedizione dai giovani, e non solo dai giovani\u201d.<br \/>\n\u201cIl musical su \u2018D\u2019Artagnan\u2019, che \u00e8 stato diretto dal regista messinese e ha concluso la prima parte della Stagione 2019 del \u2018Mandanici\u2019 \u2013 ha aggiunto\u00a0<strong>il segretario generale Lucio Catania<\/strong>\u00a0\u2013 ha visto sul palcoscenico tanti artisti del territorio, molti dei quali alla prima esperienza di teatro, tutti capaci di coinvolgere la platea, emozionare e divertire. E il successo pi\u00f9 importante \u00e8 stato proprio che si \u00e8 percepita durante l\u2019intera durata del laboratorio e della messinscena quella volont\u00e0 di dare il massimo e di fare squadra che ci sembra una delle peculiari caratteristiche del metodo di Sas\u00e0 Neri. Siamo sicuri che, insieme con le indubbie qualit\u00e0 artistiche, proprio la forza del gruppo abbia caratterizzato l\u2019esibizione dei Balocchi in Coppa Italia e abbia particolarmente colpito la giuria\u201d.<br \/>\nAncora una volta la Sicilia \u00a0da\u00a0 dimostra di essere un calmiere di grandi talenti, tutti da scoprire.<br \/>\n <br \/>\n <div id=\"div-gpt-ad-Messinaoggi.it-DSK-300x250-corpoart\" style=\"text-align:center;margin:0 auto;\"><\/div><\/p>\n<div id=\"videoincontent\" style=\"clear:both\";><\/div>","protected":false},"excerpt":{"rendered":"<p>Anche l\u2019Amministrazione Materia si congratula con il regista messinese Sas\u00e0 Neri per i\u00a0 successi raggiuti in questi giorni dalla Compagnia dei Balocchi. \u201cSono stati premiati quella seriet\u00e0, quell\u2019impegno e quelle capacit\u00e0 che ha mostrato anche nella direzione dei laboratori multidisciplinari del Teatro Mandanici, dedicati alla valorizzazione dei talenti del territorio\u201d. Con queste parole\u00a0il sindaco di [&hellip;]<\/p>\n","protected":false},"author":5,"featured_media":34888,"comment_status":"closed","ping_status":"open","sticky":false,"template":"","format":"standard","meta":{"ub_ctt_via":"","_mi_skip_tracking":false},"categories":[17],"tags":[],"featured_image_src":"https:\/\/www.messinaoggi.it\/website\/wp-content\/uploads\/2019\/07\/Teatro-Mandanici-1-1.jpg","author_info":{"display_name":"Maria Antonella Saia","author_link":"https:\/\/www.messinaoggi.it\/website\/author\/m-saia\/"},"digistream_id":0,"digistream":false,"_links":{"self":[{"href":"https:\/\/www.messinaoggi.it\/website\/wp-json\/wp\/v2\/posts\/34886"}],"collection":[{"href":"https:\/\/www.messinaoggi.it\/website\/wp-json\/wp\/v2\/posts"}],"about":[{"href":"https:\/\/www.messinaoggi.it\/website\/wp-json\/wp\/v2\/types\/post"}],"author":[{"embeddable":true,"href":"https:\/\/www.messinaoggi.it\/website\/wp-json\/wp\/v2\/users\/5"}],"replies":[{"embeddable":true,"href":"https:\/\/www.messinaoggi.it\/website\/wp-json\/wp\/v2\/comments?post=34886"}],"version-history":[{"count":0,"href":"https:\/\/www.messinaoggi.it\/website\/wp-json\/wp\/v2\/posts\/34886\/revisions"}],"wp:featuredmedia":[{"embeddable":true,"href":"https:\/\/www.messinaoggi.it\/website\/wp-json\/wp\/v2\/media\/34888"}],"wp:attachment":[{"href":"https:\/\/www.messinaoggi.it\/website\/wp-json\/wp\/v2\/media?parent=34886"}],"wp:term":[{"taxonomy":"category","embeddable":true,"href":"https:\/\/www.messinaoggi.it\/website\/wp-json\/wp\/v2\/categories?post=34886"},{"taxonomy":"post_tag","embeddable":true,"href":"https:\/\/www.messinaoggi.it\/website\/wp-json\/wp\/v2\/tags?post=34886"}],"curies":[{"name":"wp","href":"https:\/\/api.w.org\/{rel}","templated":true}]}}