{"id":34773,"date":"2019-07-06T09:00:18","date_gmt":"2019-07-06T07:00:18","guid":{"rendered":"https:\/\/www.messinaoggi.it\/website\/?p=34773"},"modified":"2019-07-06T09:00:18","modified_gmt":"2019-07-06T07:00:18","slug":"presentata-la-prima-edizione-della-rassegna-musicale-lune-di-jazz","status":"publish","type":"post","link":"https:\/\/www.messinaoggi.it\/website\/2019\/07\/06\/presentata-la-prima-edizione-della-rassegna-musicale-lune-di-jazz\/","title":{"rendered":"Presentata la prima edizione della rassegna musicale Lune di jazz"},"content":{"rendered":"<p>E\u2019 stata presentata ieri, nell\u2019incantevole\u00a0 scenario di Marina del Nettuno, \u00a0\u00a0Lune di Jazz\u201d, \u00a0una rassegna di Musica Jazz che si propone di valorizzare il territorio e suoi migliori giovani talenti.<br \/>\nIl \u00a0movimento culturale jazz, tra i pi\u00f9 importanti del XX\u00b0 secolo, \u00e8 patrimonio dell&#8217;Umanit\u00e0 per l&#8217;Unesco proprio perch\u00e9 contempla i valori dell&#8217;integrazione sociale e culturale, dell&#8217;incontro, della valorizzazione del talento, costituendo vettore di libert\u00e0 di espressione, riducendo le tensioni tra individui, gruppi e comunit\u00e0\u201d.<br \/>\nL\u2019evento avr\u00e0 inizio luned\u00ec 15 \u00a0 alle \u00a0ore 21.30.\u00a0 Il concerto di apertura \u00e8 affidato a \u00a0due giovani sassofonisti della provincia di Siracusa, Fabio Tiralongo e Andrea Iurianello. I due musicisti hanno al loro attivo collaborazioni di rilievo. Fabio Tiralongo, sassofono tenore, vanta la sua presenza come titolare presso l&#8217;Orchestra Nazionale dei Conservatori, collabora con Giovanni Mazzarino, Daniela Spalletta,Cinzia Roncelli, l&#8217;HJO band, l&#8217;Orchestra residente del Conservatorio A.Corelli di Messina, unisce nel proprio linguaggio virtuosismo e intimismo con eleganza e maturit\u00e0 espressiva. Andrea Iurianello, sassofono contralto e baritono, musicista dal suono caldo e deciso, anche lui membro dell&#8217;Orchestra Jazz del Coo nservatorio di Messina, della HJO band, insieme a Fabio propongono un repertorio &#8220;solare&#8221; di Jazz degli anni &#8217;60, in perfetta sintonia con l&#8217;estetica hard bop <em>tout court.\u00a0<\/em><br \/>\nIl trio a supporto \u00e8 costituito da giovani talenti gi\u00e0 affermati: il messinese \u00a0Claudio Palana al pianoforte, Tommaso Pugliese al contrabbasso e Alessandro Borgia alla batteria.<br \/>\nLuned\u00ec 22, \u00a0alle ore 21.30, sar\u00e0 la volta di Giovanna Magro cantante siciliana distintasi negli ultimi anni per le sue qualit\u00e0 vocali e la sua grinta, interpreta al meglio il ruolo della \u00a0&#8220;Jazz Singer&#8221; proponendo un repertorio che, in assenza della batteria, risulta essere intimo e confidenziale. Ad interagire con la voce di Giovanna, \u00a0la presenza rassicurante del bassista messinese, Aurelio Bandiera e \u00a0i giovani talentuosi, Carlo Alberto Proto alla chitarra\u00a0e Fabrizio Muscolino sassofonista messinese.<br \/>\nLuned\u00ec 29 \u00a0alle \u00a0ore 21.30 salir\u00e0 sul palco di Lune di jazz la Corelli Jazz Sextet, \u00a0una formazione costituita da docenti e alcuni &#8220;studenti leader&#8221; dei corsi di Musica Jazz del Conservatorio A. Corelli di Messina: gli emergenti giovani talenti,\u00a0 Roberto Scolaro al sassofono contralto e il \u00a0catanese Andrea Liotta alla batteria.<br \/>\nIl gruppo si avvale della partecipazione di uno dei pi\u00f9 importanti sassofonisti italiani: Orazio Maugeri, docente di Saxofono Jazz , l&#8217;ottimo trombonista Sebastiano Insana\u00a0 docente di Trombone e Giovanni Mazzarino musicista di fama internazionale che cura la direzione musicale e gli arrangiamenti dell&#8217;Ensemble, anch&#8217;esso docente di Improvvisazione Jazz presso il Conservatorio di Messina.<br \/>\nE siamo arrivati al giro di boa. Luned\u00ec \u00a0 5 agosto alle \u00a0ore 21.30 sar\u00e0 la volta di Francesco Pisano con il suo trio e Rossella D&#8217;Andrea, musicisti messinesi, saranno i protagonisti di un concerto che rende tributo alla canzone popolare americana del Musical di Broadway. Francesco Pisano musicista raffinato e di grande esperienza. Pino Garufi e Stefano Sgr\u00f2 insieme costituiscono ormai sezione ritmica forte, sicura e affidabile. Rossella D&#8217;Andrea, cantante, con il suo timbro interessante e sicuro assieme al trio garantir\u00e0 un concerto dall&#8217;inconfondibile atmosfera Jazz.<br \/>\n <br \/>\nIl gran finale sar\u00e0 luned\u00ec 12 agosto, alle ore 21.30. A chiudere \u00a0la rassegna sar\u00e0 l&#8217;intensa voce della cantante catanese Floriana Pappa. Il quintetto capitanato dalla vocalist siciliana prevede la presenza del navigato e bravo pianista ennese Sirio Di Blasi, che sar\u00e0 supportato dalla sezione ritmica costituita dal giovane talento Riccardo Grosso al contrabbasso e Andrea Liotta alla batteria. Al sassofono contralto Roberto Scolaro. Floriana dar\u00e0 vita ad un concerto dedicato ai colori e ai sapori \u00a0dell&#8217;Africa, quella Musica piena di luce e di <em>groove.<\/em><br \/>\nQueste le premesse\u00a0 di una rassegna musicale \u00a0che sapr\u00e0 regalare al pubblico infinite emozioni<br \/>\n <br \/>\n <div id=\"div-gpt-ad-Messinaoggi.it-DSK-300x250-corpoart\" style=\"text-align:center;margin:0 auto;\"><\/div><\/p>\n<div id=\"videoincontent\" style=\"clear:both\";><\/div>","protected":false},"excerpt":{"rendered":"<p>E\u2019 stata presentata ieri, nell\u2019incantevole\u00a0 scenario di Marina del Nettuno, \u00a0\u00a0Lune di Jazz\u201d, \u00a0una rassegna di Musica Jazz che si propone di valorizzare il territorio e suoi migliori giovani talenti. Il \u00a0movimento culturale jazz, tra i pi\u00f9 importanti del XX\u00b0 secolo, \u00e8 patrimonio dell&#8217;Umanit\u00e0 per l&#8217;Unesco proprio perch\u00e9 contempla i valori dell&#8217;integrazione sociale e culturale, [&hellip;]<\/p>\n","protected":false},"author":5,"featured_media":34774,"comment_status":"closed","ping_status":"open","sticky":false,"template":"","format":"standard","meta":{"ub_ctt_via":"","_mi_skip_tracking":false},"categories":[17],"tags":[],"featured_image_src":"https:\/\/www.messinaoggi.it\/website\/wp-content\/uploads\/2019\/07\/Lune-di-jazz.jpg","author_info":{"display_name":"Maria Antonella Saia","author_link":"https:\/\/www.messinaoggi.it\/website\/author\/m-saia\/"},"digistream_id":0,"digistream":false,"_links":{"self":[{"href":"https:\/\/www.messinaoggi.it\/website\/wp-json\/wp\/v2\/posts\/34773"}],"collection":[{"href":"https:\/\/www.messinaoggi.it\/website\/wp-json\/wp\/v2\/posts"}],"about":[{"href":"https:\/\/www.messinaoggi.it\/website\/wp-json\/wp\/v2\/types\/post"}],"author":[{"embeddable":true,"href":"https:\/\/www.messinaoggi.it\/website\/wp-json\/wp\/v2\/users\/5"}],"replies":[{"embeddable":true,"href":"https:\/\/www.messinaoggi.it\/website\/wp-json\/wp\/v2\/comments?post=34773"}],"version-history":[{"count":0,"href":"https:\/\/www.messinaoggi.it\/website\/wp-json\/wp\/v2\/posts\/34773\/revisions"}],"wp:featuredmedia":[{"embeddable":true,"href":"https:\/\/www.messinaoggi.it\/website\/wp-json\/wp\/v2\/media\/34774"}],"wp:attachment":[{"href":"https:\/\/www.messinaoggi.it\/website\/wp-json\/wp\/v2\/media?parent=34773"}],"wp:term":[{"taxonomy":"category","embeddable":true,"href":"https:\/\/www.messinaoggi.it\/website\/wp-json\/wp\/v2\/categories?post=34773"},{"taxonomy":"post_tag","embeddable":true,"href":"https:\/\/www.messinaoggi.it\/website\/wp-json\/wp\/v2\/tags?post=34773"}],"curies":[{"name":"wp","href":"https:\/\/api.w.org\/{rel}","templated":true}]}}