{"id":34749,"date":"2019-07-05T16:05:59","date_gmt":"2019-07-05T14:05:59","guid":{"rendered":"https:\/\/www.messinaoggi.it\/website\/?p=34749"},"modified":"2019-07-05T16:05:59","modified_gmt":"2019-07-05T14:05:59","slug":"tour-de-france-nibali-non-si-sbilancia-vedremo-se-ho-smaltito-le-fatiche-del-giro-ditalia","status":"publish","type":"post","link":"https:\/\/www.messinaoggi.it\/website\/2019\/07\/05\/tour-de-france-nibali-non-si-sbilancia-vedremo-se-ho-smaltito-le-fatiche-del-giro-ditalia\/","title":{"rendered":"Tour de France, Nibali non si sbilancia: &quot;Vedremo se ho smaltito le fatiche del Giro d&#039;Italia&quot;"},"content":{"rendered":"<p class=\"western\">Alla Planche des Belle filles si vedr\u00e0 qual \u00e8 la mia condizione e quali potranno essere le ambizioni. Conosco bene quella salita, sebbene in questa edizione del Tour sia stata allungata di un chilometro. E si tratta di un chilometro molto duro. Quel giorno disputeremo una tappa molto impegnativa, con altre salite, anche se la prima \u00e8 pi\u00f9 importante. Capiremo anche se ho smaltito le fatiche del Giro d&#8217;Italia&#8221;.<div id=\"div-gpt-ad-Messinaoggi.it-DSK-300x250-corpoart\" style=\"text-align:center;margin:0 auto;\"><\/div><\/p>\n<p class=\"western\">Cos\u00ec Vincenzo Nibali, alla vigilia della partenza della Grande boucle, giunta alla 106esima edizione, che prender\u00e0 il via da Bruxelles e si concluder\u00e0 il 28 prossimo a Parigi, dopo 3.460 chilometri.<div id=\"videoincontent\" style=\"clear:both\";><\/div><\/p>\n<p class=\"western\">La sensazione \u00e8 che lo &#8220;Squalo dello Stretto&#8221; voglia recitare un ruolo di outsider per poi sorprendere tutti in una corsa in cui non saranno ai nastri di partenza molti big.<\/p>\n<p class=\"western\"><strong>Nibali superstar.<\/strong> Alla presentazione delle squadre \u00e8 stato acclamato dalla folla di Bruxelles, la capitale belga da dove domani scatter\u00e0 la 106\/a edizione del Tour de France di ciclismo con una cronosquadre. Non \u00e8 un caso, visto che Vincenzo Nibali ha indossato per 19 volte la maglia gialla: fra i 175 corridori al via nel 2019 \u00e8 quello che l&#8217;ha portata in gara pi\u00f9 volte di tutti. Non \u00e8 uno qualunque, lo &#8220;Squalo dello Stretto&#8221;, che l&#8217;anno scorso, sull&#8217;Alpe d&#8217;Huez, fin\u00ec a terra a causa di un tifoso e fu costretto ad abbandonare; quest&#8217;anno &#8216;Enzino&#8217;, che all&#8217;ultimo Giro d&#8217;Italia \u00e8 stato battuto solo dall&#8217;ecuadoriano Richard Carapaz, si ripresenta alla Grande Boucle senza particolari ambizioni e con il piglio di chi, sulla soglia dei 35 anni, pu\u00f2 permettersi di puntare a una prestigiosa vittoria di tappa. Oppure di coltivare le ambizioni pi\u00f9 recondite.<\/p>\n<p class=\"western\">Il percorso del Tour 2019 di salite ne propone tante, com&#8217;\u00e8 nella tradizione della corsa francese: sono 5 gli arrivi in quota, 7 le montagne sopra i 2 mila metri d&#8217;altezza da scalare (il tetto della corsa \u00e8 l&#8217;Iseran, a 2.770 metri).<\/p>\n<p class=\"western\">Nelle precedenti 105 edizioni, il Tour non aveva mai riservato 3 arrivi al di sopra dei 2 mila metri: quest&#8217;anno ci saranno il Tourmalet (2.115 metri, nella 14\/a tappa); il Tignes (2.113, 19\/a); il Val Thorens (2.365, 20\/a).<\/p>\n","protected":false},"excerpt":{"rendered":"<p>Alla Planche des Belle filles si vedr\u00e0 qual \u00e8 la mia condizione e quali potranno essere le ambizioni. Conosco bene quella salita, sebbene in questa edizione del Tour sia stata allungata di un chilometro. E si tratta di un chilometro molto duro. Quel giorno disputeremo una tappa molto impegnativa, con altre salite, anche se la [&hellip;]<\/p>\n","protected":false},"author":4,"featured_media":23217,"comment_status":"closed","ping_status":"open","sticky":false,"template":"","format":"standard","meta":{"ub_ctt_via":"","_mi_skip_tracking":false},"categories":[8,9],"tags":[],"featured_image_src":"https:\/\/www.messinaoggi.it\/website\/wp-content\/uploads\/2018\/08\/vincenzo-nibali-1.jpg","author_info":{"display_name":"redme","author_link":"https:\/\/www.messinaoggi.it\/website\/author\/redme\/"},"digistream_id":0,"digistream":false,"_links":{"self":[{"href":"https:\/\/www.messinaoggi.it\/website\/wp-json\/wp\/v2\/posts\/34749"}],"collection":[{"href":"https:\/\/www.messinaoggi.it\/website\/wp-json\/wp\/v2\/posts"}],"about":[{"href":"https:\/\/www.messinaoggi.it\/website\/wp-json\/wp\/v2\/types\/post"}],"author":[{"embeddable":true,"href":"https:\/\/www.messinaoggi.it\/website\/wp-json\/wp\/v2\/users\/4"}],"replies":[{"embeddable":true,"href":"https:\/\/www.messinaoggi.it\/website\/wp-json\/wp\/v2\/comments?post=34749"}],"version-history":[{"count":0,"href":"https:\/\/www.messinaoggi.it\/website\/wp-json\/wp\/v2\/posts\/34749\/revisions"}],"wp:featuredmedia":[{"embeddable":true,"href":"https:\/\/www.messinaoggi.it\/website\/wp-json\/wp\/v2\/media\/23217"}],"wp:attachment":[{"href":"https:\/\/www.messinaoggi.it\/website\/wp-json\/wp\/v2\/media?parent=34749"}],"wp:term":[{"taxonomy":"category","embeddable":true,"href":"https:\/\/www.messinaoggi.it\/website\/wp-json\/wp\/v2\/categories?post=34749"},{"taxonomy":"post_tag","embeddable":true,"href":"https:\/\/www.messinaoggi.it\/website\/wp-json\/wp\/v2\/tags?post=34749"}],"curies":[{"name":"wp","href":"https:\/\/api.w.org\/{rel}","templated":true}]}}