{"id":34698,"date":"2019-07-04T10:08:04","date_gmt":"2019-07-04T08:08:04","guid":{"rendered":"https:\/\/www.messinaoggi.it\/website\/?p=34698"},"modified":"2019-07-04T10:08:04","modified_gmt":"2019-07-04T08:08:04","slug":"messina-fuori-dalla-rottamazione-zuccarello-persa-unopportunita","status":"publish","type":"post","link":"https:\/\/www.messinaoggi.it\/website\/2019\/07\/04\/messina-fuori-dalla-rottamazione-zuccarello-persa-unopportunita\/","title":{"rendered":"Messina fuori dalla rottamazione, Zuccarello: &quot;Persa un&#039;opportunit\u00e0&quot;"},"content":{"rendered":"<p>\u201c<em>Per quale motivo l\u2019amministrazione De Luca non ha dato la possibilit\u00e0 ai cittadini di poter sanare in modo agevolato le proprie pendenze con i tributi locali compresi tra gli anni 2000 e 2017?<\/em>\u201d. Il presidente di Missione Messina, Daniele Zuccarello, non riesce a comprendere il perch\u00e9 il comune di Messina ha deciso di non aderire alla rottamazione nazionale dei tributi locali prevista dal cosiddetto \u201cDecreto Crescita\u201d, i cui termini di adesione sono scaduti proprio qualche giorno fa. A tal riguardo, Zuccarello parla di una vera e propria occasione persa per la comunit\u00e0, in quanto &#8220;<em>se il comune di Messina avesse aderito a questo vantaggio fiscale, i cittadini avrebbero risparmiato tantissimi soldi<\/em>&#8220;, spiega il presidente di Missione Messina. &#8220;<em>I loro debiti<\/em> &#8211; prosegue Zuccarello &#8211;<em> li avrebbero pagati in cinque comode rate da novembre 2019 e, di contro, il Comune stesso avrebbe avuto un gettito economico immediato grazie proprio a quest\u2019agevolazione fiscale<\/em>&#8220;.<br \/>\n&#8220;<em>Non riusciamo a comprendere<\/em> &#8211; aggiunge il presidente di Missione Messina &#8211; <em>per quale motivazione, nel momento di difficolt\u00e0 economica che sta vivendo l\u2019intera citt\u00e0 e il cittadino Messinese, non si sia dato seguito a questa grande possibilit\u00e0. <strong>Grazie alla Rottamazione, il Comune, quindi l\u2019intera comunit\u00e0, avrebbe ottenuto un gettito economico immediato<\/strong>, che poteva rappresentare anche linfa utile per la citt\u00e0 visto che, i soldi versati entravano diretti nelle casse di Messina.<\/em><br \/>\n&#8220;<em>De Luca spieghi alla citt\u00e0 e ai cittadini perch\u00e9 ha negato questa possibilit\u00e0. Non vorremmo che tra un\u2019inaugurazione, una nuova partecipata, un blitz, un caff\u00e8 e una batosta elettorale, si scordi altre agevolazioni fiscali per il cittadino aumentando di fatto la voragine debitoria della citt\u00e0<\/em>&#8220;.<div id=\"div-gpt-ad-Messinaoggi.it-DSK-300x250-corpoart\" style=\"text-align:center;margin:0 auto;\"><\/div><\/p>\n<div id=\"videoincontent\" style=\"clear:both\";><\/div>","protected":false},"excerpt":{"rendered":"<p>\u201cPer quale motivo l\u2019amministrazione De Luca non ha dato la possibilit\u00e0 ai cittadini di poter sanare in modo agevolato le proprie pendenze con i tributi locali compresi tra gli anni 2000 e 2017?\u201d. Il presidente di Missione Messina, Daniele Zuccarello, non riesce a comprendere il perch\u00e9 il comune di Messina ha deciso di non aderire [&hellip;]<\/p>\n","protected":false},"author":8,"featured_media":33613,"comment_status":"closed","ping_status":"open","sticky":false,"template":"","format":"standard","meta":{"ub_ctt_via":"","_mi_skip_tracking":false},"categories":[4],"tags":[],"featured_image_src":"https:\/\/www.messinaoggi.it\/website\/wp-content\/uploads\/2019\/06\/8D23C2E4-DE30-44F1-B1FE-05C48E9F7F14.jpeg","author_info":{"display_name":"red..me","author_link":"https:\/\/www.messinaoggi.it\/website\/author\/redstage\/"},"digistream_id":0,"digistream":false,"_links":{"self":[{"href":"https:\/\/www.messinaoggi.it\/website\/wp-json\/wp\/v2\/posts\/34698"}],"collection":[{"href":"https:\/\/www.messinaoggi.it\/website\/wp-json\/wp\/v2\/posts"}],"about":[{"href":"https:\/\/www.messinaoggi.it\/website\/wp-json\/wp\/v2\/types\/post"}],"author":[{"embeddable":true,"href":"https:\/\/www.messinaoggi.it\/website\/wp-json\/wp\/v2\/users\/8"}],"replies":[{"embeddable":true,"href":"https:\/\/www.messinaoggi.it\/website\/wp-json\/wp\/v2\/comments?post=34698"}],"version-history":[{"count":0,"href":"https:\/\/www.messinaoggi.it\/website\/wp-json\/wp\/v2\/posts\/34698\/revisions"}],"wp:featuredmedia":[{"embeddable":true,"href":"https:\/\/www.messinaoggi.it\/website\/wp-json\/wp\/v2\/media\/33613"}],"wp:attachment":[{"href":"https:\/\/www.messinaoggi.it\/website\/wp-json\/wp\/v2\/media?parent=34698"}],"wp:term":[{"taxonomy":"category","embeddable":true,"href":"https:\/\/www.messinaoggi.it\/website\/wp-json\/wp\/v2\/categories?post=34698"},{"taxonomy":"post_tag","embeddable":true,"href":"https:\/\/www.messinaoggi.it\/website\/wp-json\/wp\/v2\/tags?post=34698"}],"curies":[{"name":"wp","href":"https:\/\/api.w.org\/{rel}","templated":true}]}}