{"id":34632,"date":"2019-07-02T12:11:17","date_gmt":"2019-07-02T10:11:17","guid":{"rendered":"https:\/\/www.messinaoggi.it\/website\/?p=34632"},"modified":"2019-07-02T12:11:17","modified_gmt":"2019-07-02T10:11:17","slug":"mercato-giostra-de-luca-disponibile-a-spostarlo-zuccarello-scelta-scellerata","status":"publish","type":"post","link":"https:\/\/www.messinaoggi.it\/website\/2019\/07\/02\/mercato-giostra-de-luca-disponibile-a-spostarlo-zuccarello-scelta-scellerata\/","title":{"rendered":"Mercato Giostra, De Luca disponibile a spostarlo. Zuccarello: &quot;Scelta scellerata&quot;"},"content":{"rendered":"<p style=\"text-align: justify\">\u00c8 di ieri la notizia secondo cui il mercato di Giostra, oggi ubicato in un\u2019area chiusa, vale a dire presso l\u2019area dell\u2019ex Mandalari, possa essere nuovamente spostato sulla strada, e in particolare lungo il tratto che va dal viale Garibaldi sino al viale Regina Elena. Infatti, nell\u2019ambito di un incontro tra amministrazione comunale e ambulanti, durante il quale questi hanno evidenziato la situazione di sofferenza economica che deriverebbe dall\u2019attuale ubicazione del mercato (in quanto risulterebbe difficilmente raggiungibile essendo collocato in un\u2019area chiusa) e pertanto proposto lo spostamento del mercato stesso, si \u00e8 concluso che sia possibile procedere con l\u2019elaborazione di una nuova possibile collocazione del mercato.<div id=\"div-gpt-ad-Messinaoggi.it-DSK-300x250-corpoart\" style=\"text-align:center;margin:0 auto;\"><\/div><\/p>\n<p style=\"text-align: justify\">Su tale vicenda \u00e8 intervenuto il presidente di Missione Messina, Daniele Zuccarello, il quale si \u00e8 mostrato molto critico alla nuova proposta, che potrebbe s\u00ec andare a beneficiare gli ambulanti, ma il tutto a scapito della popolazione residente e non: &#8220;<em>Per anni<\/em> &#8211; spiega Zuccarello &#8211; <em>ho partecipato a incontri di cittadini esasperati, che chiedevano il trasferimento del mercato, per varie motivazioni oltre che viabili. Spesso restavano sigillati in casa nei giorni previsti, cio\u00e8 il marted\u00ec e il venerd\u00ec, perch\u00e9 i furgoni dei commercianti bloccavano l\u2019accesso delle proprie abitazioni o perch\u00e9 trovavano i bisogni nei portoni delle loro scale per mancanza dei servizi igienici<\/em>&#8220;.<div id=\"videoincontent\" style=\"clear:both\";><\/div><\/p>\n<p style=\"text-align: justify\">&#8220;<em>Comprendo le difficolt\u00e0 degli imprenditori ambulanti,<\/em> &#8211; prosegue Zuccarello &#8211;<em> ma la soluzione non pu\u00f2 essere di ritornare su strada. Il viale Giostra oggi \u00e8 un ingresso autostradale, non \u00e8 consentito riportarlo nel caos viabile come all\u2019epoca. Auspichiamo che il Consiglio Comunale non avalli queste scelte scellerate, ed eventualmente vengano proposte soluzioni alternative come fatto in passato<\/em>&#8220;.<\/p>\n","protected":false},"excerpt":{"rendered":"<p>\u00c8 di ieri la notizia secondo cui il mercato di Giostra, oggi ubicato in un\u2019area chiusa, vale a dire presso l\u2019area dell\u2019ex Mandalari, possa essere nuovamente spostato sulla strada, e in particolare lungo il tratto che va dal viale Garibaldi sino al viale Regina Elena. Infatti, nell\u2019ambito di un incontro tra amministrazione comunale e ambulanti, [&hellip;]<\/p>\n","protected":false},"author":8,"featured_media":4253,"comment_status":"closed","ping_status":"open","sticky":false,"template":"","format":"standard","meta":{"ub_ctt_via":"","_mi_skip_tracking":false},"categories":[4],"tags":[],"featured_image_src":"https:\/\/www.messinaoggi.it\/website\/wp-content\/uploads\/2017\/07\/viale-giostra-pressi-mercato-messinaoggi-2.jpg","author_info":{"display_name":"red..me","author_link":"https:\/\/www.messinaoggi.it\/website\/author\/redstage\/"},"digistream_id":0,"digistream":false,"_links":{"self":[{"href":"https:\/\/www.messinaoggi.it\/website\/wp-json\/wp\/v2\/posts\/34632"}],"collection":[{"href":"https:\/\/www.messinaoggi.it\/website\/wp-json\/wp\/v2\/posts"}],"about":[{"href":"https:\/\/www.messinaoggi.it\/website\/wp-json\/wp\/v2\/types\/post"}],"author":[{"embeddable":true,"href":"https:\/\/www.messinaoggi.it\/website\/wp-json\/wp\/v2\/users\/8"}],"replies":[{"embeddable":true,"href":"https:\/\/www.messinaoggi.it\/website\/wp-json\/wp\/v2\/comments?post=34632"}],"version-history":[{"count":0,"href":"https:\/\/www.messinaoggi.it\/website\/wp-json\/wp\/v2\/posts\/34632\/revisions"}],"wp:featuredmedia":[{"embeddable":true,"href":"https:\/\/www.messinaoggi.it\/website\/wp-json\/wp\/v2\/media\/4253"}],"wp:attachment":[{"href":"https:\/\/www.messinaoggi.it\/website\/wp-json\/wp\/v2\/media?parent=34632"}],"wp:term":[{"taxonomy":"category","embeddable":true,"href":"https:\/\/www.messinaoggi.it\/website\/wp-json\/wp\/v2\/categories?post=34632"},{"taxonomy":"post_tag","embeddable":true,"href":"https:\/\/www.messinaoggi.it\/website\/wp-json\/wp\/v2\/tags?post=34632"}],"curies":[{"name":"wp","href":"https:\/\/api.w.org\/{rel}","templated":true}]}}