{"id":34603,"date":"2019-07-01T12:35:27","date_gmt":"2019-07-01T10:35:27","guid":{"rendered":"https:\/\/www.messinaoggi.it\/website\/?p=34603"},"modified":"2019-07-01T12:35:27","modified_gmt":"2019-07-01T10:35:27","slug":"zona-falcata-e-real-cittadella-i-consiglieri-si-riuniscono-in-commissione","status":"publish","type":"post","link":"https:\/\/www.messinaoggi.it\/website\/2019\/07\/01\/zona-falcata-e-real-cittadella-i-consiglieri-si-riuniscono-in-commissione\/","title":{"rendered":"Zona falcata e Real Cittadella: i consiglieri si riuniscono in Commissione"},"content":{"rendered":"<p>Si \u00e8 svolta oggi una importante seduta della Commissione con delega all&#8217;Area dello Stretto, presieduta dal consigliere Libero Gioveni, per approfondire le progettualit\u00e0 relative alla riqualificazione dell&#8217;affaccio a mare, della zona falcata, nonch\u00e9 del recupero e la valorizzazione della Real Cittadella, alla presenza del vicesindaco Salvatore Mondello. Assente giustificato il Commissario straordinario dell&#8217;Autorit\u00e0 Portuale Antonino De Simone, perch\u00e9 fuori sede.<br \/>\n\u201c<em>Questa prima seduta<\/em>\u00a0&#8211; afferma Gioveni &#8211; <em>\u00e8 servita per fare chiarezza sui tempi della tanto attesa approvazione del piano regolatore portuale al vaglio del Consiglio regionale urbanistico e sulle competenze territoriali e urbanistiche dei vari enti. Il vicesindaco Mondello ha ulteriormente chiarito che, oltre all&#8217;importanza di avere il PRP, sarebbe necessario approvare il Piano di utilizzo delle aree demaniali marittime che consentirebbe il trasferimento di propriet\u00e0 di queste aree direttamente al Comune di Messina.<br \/>\n<\/em><br \/>\n\u201c<em>Inoltre, <\/em>&#8211; prosegue il Presidente &#8211; <em>dal dibattito \u00e8 emersa la necessit\u00e0 di completare il porto di Tremestieri (gi\u00e0 giunto all&#8217;8% delle lavorazioni) che consentir\u00e0 di liberare tutto il tratto compreso fra il porto storico e l&#8217;Annunziata; cos\u00ec come risulterebbe importante la firma di un protocollo d&#8217;intesa fra Comune e Autorit\u00e0 portuale per l&#8217;utilizzo delle somme disponibili a quest&#8217;ultima per la bonifica di parecchie aree della Real Cittadella, gi\u00e0 comunque oggetto di interventi.<br \/>\n<\/em><br \/>\n\u201c<em>Infine,<\/em> &#8211; conclude Gioveni &#8211; <em>la Commissione si \u00e8 determinata, insieme al vicesindaco, di riconvocarsi unitamente all&#8217;Autorit\u00e0 portuale subito dopo l&#8217;approvazione da parte della Regione del piano regolatore portuale, che si prevede avverr\u00e0 al massimo entro la fine del mese di luglio<\/em>\u201d.<div id=\"div-gpt-ad-Messinaoggi.it-DSK-300x250-corpoart\" style=\"text-align:center;margin:0 auto;\"><\/div><\/p>\n<div id=\"videoincontent\" style=\"clear:both\";><\/div>","protected":false},"excerpt":{"rendered":"<p>Si \u00e8 svolta oggi una importante seduta della Commissione con delega all&#8217;Area dello Stretto, presieduta dal consigliere Libero Gioveni, per approfondire le progettualit\u00e0 relative alla riqualificazione dell&#8217;affaccio a mare, della zona falcata, nonch\u00e9 del recupero e la valorizzazione della Real Cittadella, alla presenza del vicesindaco Salvatore Mondello. Assente giustificato il Commissario straordinario dell&#8217;Autorit\u00e0 Portuale Antonino [&hellip;]<\/p>\n","protected":false},"author":8,"featured_media":34604,"comment_status":"closed","ping_status":"open","sticky":false,"template":"","format":"standard","meta":{"ub_ctt_via":"","_mi_skip_tracking":false},"categories":[4],"tags":[],"featured_image_src":"https:\/\/www.messinaoggi.it\/website\/wp-content\/uploads\/2019\/07\/I-commssione.jpg","author_info":{"display_name":"red..me","author_link":"https:\/\/www.messinaoggi.it\/website\/author\/redstage\/"},"digistream_id":0,"digistream":false,"_links":{"self":[{"href":"https:\/\/www.messinaoggi.it\/website\/wp-json\/wp\/v2\/posts\/34603"}],"collection":[{"href":"https:\/\/www.messinaoggi.it\/website\/wp-json\/wp\/v2\/posts"}],"about":[{"href":"https:\/\/www.messinaoggi.it\/website\/wp-json\/wp\/v2\/types\/post"}],"author":[{"embeddable":true,"href":"https:\/\/www.messinaoggi.it\/website\/wp-json\/wp\/v2\/users\/8"}],"replies":[{"embeddable":true,"href":"https:\/\/www.messinaoggi.it\/website\/wp-json\/wp\/v2\/comments?post=34603"}],"version-history":[{"count":0,"href":"https:\/\/www.messinaoggi.it\/website\/wp-json\/wp\/v2\/posts\/34603\/revisions"}],"wp:featuredmedia":[{"embeddable":true,"href":"https:\/\/www.messinaoggi.it\/website\/wp-json\/wp\/v2\/media\/34604"}],"wp:attachment":[{"href":"https:\/\/www.messinaoggi.it\/website\/wp-json\/wp\/v2\/media?parent=34603"}],"wp:term":[{"taxonomy":"category","embeddable":true,"href":"https:\/\/www.messinaoggi.it\/website\/wp-json\/wp\/v2\/categories?post=34603"},{"taxonomy":"post_tag","embeddable":true,"href":"https:\/\/www.messinaoggi.it\/website\/wp-json\/wp\/v2\/tags?post=34603"}],"curies":[{"name":"wp","href":"https:\/\/api.w.org\/{rel}","templated":true}]}}