{"id":34597,"date":"2019-07-01T11:50:18","date_gmt":"2019-07-01T09:50:18","guid":{"rendered":"https:\/\/www.messinaoggi.it\/website\/?p=34597"},"modified":"2019-07-01T11:50:18","modified_gmt":"2019-07-01T09:50:18","slug":"parte-dalla-cina-la-tournee-del-duo-siciliano-blanco-sinocori","status":"publish","type":"post","link":"https:\/\/www.messinaoggi.it\/website\/2019\/07\/01\/parte-dalla-cina-la-tournee-del-duo-siciliano-blanco-sinocori\/","title":{"rendered":"Parte dalla Cina la tourn\u00e9e del duo siciliano Blanco Sinocori"},"content":{"rendered":"<p>Domani, 2 luglio, \u00a0\u00a0sar\u00e0 una data di grande importanza per l\u2019identit\u00e0 culturale italiana, e siciliana in particolare. Difatti, prender\u00e0 il via proprio domani la tourn\u00e9e del \u00a0<strong>Duo Blanco Sinacori che torner\u00e0 in Cina<\/strong>\u00a0per un tour di ben\u00a0<strong>quattordici concerti<\/strong>. Un&#8217;occasione straordinaria per\u00a0<strong>Alessandro Blanco e Giuseppe Sinacori<\/strong>, che dopo le numerose esperienze concertistiche in Italia e i\u00a0<strong>recenti tour stranieri in Kazakistan, Kirghizistan e Gabon<\/strong>, incarnano ancora una volta l&#8217;italianit\u00e0 musicale \u00a0attraverso una formula originale, quella delle\u00a0<strong>chitarre gemelle<\/strong>\u00a0impegnate\u00a0 nella sorprendente reinvenzione dei\u00a0<strong>classici di Puccini e Bellini e dell&#8217;opera italiana<\/strong>. Un tour impegnativo\u00a0 dunque che vedr\u00e0 \u00a0\u00a0il duo siciliano impegnato \u00a0nelle seguenti citt\u00e0:\u00a0<strong>Xiamen\u00a0<\/strong>(2 luglio),\u00a0<strong>Shenzhen\u00a0<\/strong>(3 luglio),\u00a0<strong>Haikou\u00a0<\/strong>(4 luglio),\u00a0<strong>Chongqing\u00a0<\/strong>(5 luglio),\u00a0<strong>Fuling\u00a0<\/strong>(6 luglio),\u00a0<strong>Yangzhou\u00a0<\/strong>(7 luglio),\u00a0<strong>Longchang\u00a0<\/strong>(9 luglio),\u00a0<strong>Zhangye\u00a0<\/strong>(11 luglio),\u00a0<strong>Baotou\u00a0<\/strong>(12 luglio),\u00a0<strong>Dalian\u00a0<\/strong>(13 luglio),\u00a0<strong>Harbin\u00a0<\/strong>(14 luglio),\u00a0<strong>Changchun\u00a0<\/strong>(18 luglio),\u00a0<strong>Jilin\u00a0<\/strong>(19 luglio) e\u00a0<strong>Jinzhong\u00a0<\/strong>(20 luglio).<br \/>\n<img loading=\"lazy\" class=\"size-medium wp-image-34599\" src=\"https:\/\/www.messinaoggi.it\/website\/wp-content\/uploads\/2019\/07\/01a_Duo-Blanco-Sinacori-photo-c-Salvino-Martinciglio-e-Antonio-Cusimano-300x200.jpg\" alt=\"\" width=\"300\" height=\"200\" \/><br \/>\nIl tour cinese sar\u00e0 l&#8217;occasione per portare in scena l&#8217;imminente nuovo lavoro (che sar\u00e0 anticipato dall&#8217;EP\u00a0<em>Ludus Play<\/em>\u00a0in collaborazione col collettivo e ensemble di compositori siciliani Diaphonia): si intitola\u00a0<strong><em>Hacked Arias Vol. 2 &#8211; Vincenzo Bellini<\/em><\/strong>, con gli intermezzi di\u00a0<strong>Marco Betta<\/strong>, lo pubblicher\u00e0\u00a0<strong>Almendra Music<\/strong>.<br \/>\nQuello di luglio \u00e8 un significativo ritorno dal vivo per i\u00a0<strong>due &#8220;pirati delle sei corde&#8221;<\/strong>\u00a0tanto rispettosi quanto audaci. Il loro ultimo album\u00a0<strong><em>Hacked Arias<\/em><\/strong>\u00a0\u00e8 il manifesto cristallino e coerente di una\u00a0<strong>visione artistica che guarda al passato per farlo respirare con il presente<\/strong>, e viceversa: l&#8217;omaggio a una &#8216;materia vivente&#8217; con l&#8217;inedita versione delle tre celebri arie di\u00a0<strong>Giacomo Puccini<\/strong>\u00a0<em>E lucevan le stelle<\/em>\u00a0(Tosca, 1899),\u00a0<em>O mio babbino caro\u00a0<\/em>(Gianni Schicchi, 1918),\u00a0<em>Nessun Dorma<\/em>\u00a0(Turandot, 1923), in dialogo con due brani di\u00a0<strong>Valentina Casesa\u00a0<\/strong>(<em>Frammenti\u00a0<\/em>e\u00a0<em>Riflessi<\/em>).\u00a0<strong><em>Hacked Arias<\/em><\/strong>\u00a0rivela un approccio rigoroso ma tutt&#8217;altro che museale; con questo disco il duo conferisce ai brani aria di contemporaneit\u00e0, \u00a0per adattarle ad \u00a0un pubblico che ha abitudini, rituali e consapevolezze diverse rispetto a quello dell&#8217;era pucciniana.<br \/>\nDuo chitarristico nato nel 2009 sotto la guida di Antonello Farulli presso l&#8217;Accademia \u201cIncontri col Maestro\u201d di Imola, il\u00a0messinese\u00a0<strong>Alessandro Blanco<\/strong>\u00a0e il mazarese\u00a0<strong>Giuseppe Sinacori<\/strong>\u00a0hanno bruciato le tappe affermandosi subito a\u00a0<strong>livello internazionale<\/strong>\u00a0con un&#8217;attivit\u00e0 concertistica che dall&#8217;Italia ha presto incontrato il pubblico di\u00a0<strong>quattro continenti<\/strong>, grazie a una proposta che fa tesoro della\u00a0<strong>grande cultura musicale italiana<\/strong>\u00a0col preciso intento di rivitalizzare, senza populismi n\u00e9 banalizzazioni, l&#8217;immagine irrigidita della\u00a0<strong>chitarra classica<\/strong>\u00a0nella musica di oggi.<br \/>\nAncora una volta le eccellenze siciliane primeggiano nel mondo tenendo alte le proprie origini.<br \/>\n <div id=\"div-gpt-ad-Messinaoggi.it-DSK-300x250-corpoart\" style=\"text-align:center;margin:0 auto;\"><\/div><\/p>\n<div id=\"videoincontent\" style=\"clear:both\";><\/div>","protected":false},"excerpt":{"rendered":"<p>Domani, 2 luglio, \u00a0\u00a0sar\u00e0 una data di grande importanza per l\u2019identit\u00e0 culturale italiana, e siciliana in particolare. Difatti, prender\u00e0 il via proprio domani la tourn\u00e9e del \u00a0Duo Blanco Sinacori che torner\u00e0 in Cina\u00a0per un tour di ben\u00a0quattordici concerti. Un&#8217;occasione straordinaria per\u00a0Alessandro Blanco e Giuseppe Sinacori, che dopo le numerose esperienze concertistiche in Italia e i\u00a0recenti [&hellip;]<\/p>\n","protected":false},"author":5,"featured_media":34598,"comment_status":"closed","ping_status":"open","sticky":false,"template":"","format":"standard","meta":{"ub_ctt_via":"","_mi_skip_tracking":false},"categories":[17],"tags":[],"featured_image_src":"https:\/\/www.messinaoggi.it\/website\/wp-content\/uploads\/2019\/07\/02a_Duo-Blanco-Sinacori-photo-c-Salvino-Martinciglio-e-Antonio-Cusimano.jpg","author_info":{"display_name":"Maria Antonella Saia","author_link":"https:\/\/www.messinaoggi.it\/website\/author\/m-saia\/"},"digistream_id":0,"digistream":false,"_links":{"self":[{"href":"https:\/\/www.messinaoggi.it\/website\/wp-json\/wp\/v2\/posts\/34597"}],"collection":[{"href":"https:\/\/www.messinaoggi.it\/website\/wp-json\/wp\/v2\/posts"}],"about":[{"href":"https:\/\/www.messinaoggi.it\/website\/wp-json\/wp\/v2\/types\/post"}],"author":[{"embeddable":true,"href":"https:\/\/www.messinaoggi.it\/website\/wp-json\/wp\/v2\/users\/5"}],"replies":[{"embeddable":true,"href":"https:\/\/www.messinaoggi.it\/website\/wp-json\/wp\/v2\/comments?post=34597"}],"version-history":[{"count":0,"href":"https:\/\/www.messinaoggi.it\/website\/wp-json\/wp\/v2\/posts\/34597\/revisions"}],"wp:featuredmedia":[{"embeddable":true,"href":"https:\/\/www.messinaoggi.it\/website\/wp-json\/wp\/v2\/media\/34598"}],"wp:attachment":[{"href":"https:\/\/www.messinaoggi.it\/website\/wp-json\/wp\/v2\/media?parent=34597"}],"wp:term":[{"taxonomy":"category","embeddable":true,"href":"https:\/\/www.messinaoggi.it\/website\/wp-json\/wp\/v2\/categories?post=34597"},{"taxonomy":"post_tag","embeddable":true,"href":"https:\/\/www.messinaoggi.it\/website\/wp-json\/wp\/v2\/tags?post=34597"}],"curies":[{"name":"wp","href":"https:\/\/api.w.org\/{rel}","templated":true}]}}