{"id":34592,"date":"2019-07-01T10:54:39","date_gmt":"2019-07-01T08:54:39","guid":{"rendered":"https:\/\/www.messinaoggi.it\/website\/?p=34592"},"modified":"2019-07-01T10:54:39","modified_gmt":"2019-07-01T08:54:39","slug":"a-volte-ritornano-gli-abusivi-di-via-la-farina-riaprono-i-battenti","status":"publish","type":"post","link":"https:\/\/www.messinaoggi.it\/website\/2019\/07\/01\/a-volte-ritornano-gli-abusivi-di-via-la-farina-riaprono-i-battenti\/","title":{"rendered":"A volte ritornano: gli abusivi di via La Farina riaprono i battenti"},"content":{"rendered":"<p style=\"text-align: justify\">Quanto vedete nelle foto \u00e8 prova del fatto che il fenomeno dell\u2019abusivismo commerciale \u00e8 tutt\u2019altro che facile da sradicare. Avevamo gi\u00e0 parlato nei giorni scorsi dei numerosi controlli fatti dalla Polizia Municipale volti a contrastare coloro i quali esercitano una qualche attivit\u00e0 commerciale senza averne il diritto, e che di fatto avevano portato a numerosi sequestri e multe in tutta la citt\u00e0, da nord a sud. Ed ora rieccoli l\u00ec, <a href=\"https:\/\/www.messinaoggi.it\/website\/2019\/06\/29\/via-la-farina-operazione-interforze-contro-lambulantato-selvaggio\/\"><span style=\"text-decoration: underline\">a distanza di un paio di giorni<\/span><\/a> o poco pi\u00f9, pronti a riaprire i battenti, noncuranti delle sanzioni cui sono stati precedentemente sottoposti.<div id=\"div-gpt-ad-Messinaoggi.it-DSK-300x250-corpoart\" style=\"text-align:center;margin:0 auto;\"><\/div><\/p>\n<p><a href=\"https:\/\/www.messinaoggi.it\/website\/wp-content\/uploads\/2019\/07\/abusivi-2.jpg\"><img loading=\"lazy\" class=\"alignnone size-full wp-image-34594\" src=\"https:\/\/www.messinaoggi.it\/website\/wp-content\/uploads\/2019\/07\/abusivi-2.jpg\" alt=\"\" width=\"1600\" height=\"1242\" \/><\/a><div id=\"videoincontent\" style=\"clear:both\";><\/div><\/p>\n<p style=\"text-align: justify\">In particolare, gli scatti in questione ritraggono degli abusivi vendere della frutta lungo via La Farina, all\u2019altezza di Provinciale circa.<\/p>\n","protected":false},"excerpt":{"rendered":"<p>Quanto vedete nelle foto \u00e8 prova del fatto che il fenomeno dell\u2019abusivismo commerciale \u00e8 tutt\u2019altro che facile da sradicare. Avevamo gi\u00e0 parlato nei giorni scorsi dei numerosi controlli fatti dalla Polizia Municipale volti a contrastare coloro i quali esercitano una qualche attivit\u00e0 commerciale senza averne il diritto, e che di fatto avevano portato a numerosi [&hellip;]<\/p>\n","protected":false},"author":8,"featured_media":34593,"comment_status":"closed","ping_status":"open","sticky":false,"template":"","format":"standard","meta":{"ub_ctt_via":"","_mi_skip_tracking":false},"categories":[6],"tags":[],"featured_image_src":"https:\/\/www.messinaoggi.it\/website\/wp-content\/uploads\/2019\/07\/abusivi-1.jpg","author_info":{"display_name":"red..me","author_link":"https:\/\/www.messinaoggi.it\/website\/author\/redstage\/"},"digistream_id":0,"digistream":false,"_links":{"self":[{"href":"https:\/\/www.messinaoggi.it\/website\/wp-json\/wp\/v2\/posts\/34592"}],"collection":[{"href":"https:\/\/www.messinaoggi.it\/website\/wp-json\/wp\/v2\/posts"}],"about":[{"href":"https:\/\/www.messinaoggi.it\/website\/wp-json\/wp\/v2\/types\/post"}],"author":[{"embeddable":true,"href":"https:\/\/www.messinaoggi.it\/website\/wp-json\/wp\/v2\/users\/8"}],"replies":[{"embeddable":true,"href":"https:\/\/www.messinaoggi.it\/website\/wp-json\/wp\/v2\/comments?post=34592"}],"version-history":[{"count":0,"href":"https:\/\/www.messinaoggi.it\/website\/wp-json\/wp\/v2\/posts\/34592\/revisions"}],"wp:featuredmedia":[{"embeddable":true,"href":"https:\/\/www.messinaoggi.it\/website\/wp-json\/wp\/v2\/media\/34593"}],"wp:attachment":[{"href":"https:\/\/www.messinaoggi.it\/website\/wp-json\/wp\/v2\/media?parent=34592"}],"wp:term":[{"taxonomy":"category","embeddable":true,"href":"https:\/\/www.messinaoggi.it\/website\/wp-json\/wp\/v2\/categories?post=34592"},{"taxonomy":"post_tag","embeddable":true,"href":"https:\/\/www.messinaoggi.it\/website\/wp-json\/wp\/v2\/tags?post=34592"}],"curies":[{"name":"wp","href":"https:\/\/api.w.org\/{rel}","templated":true}]}}