{"id":34582,"date":"2019-07-01T10:33:49","date_gmt":"2019-07-01T08:33:49","guid":{"rendered":"https:\/\/www.messinaoggi.it\/website\/?p=34582"},"modified":"2019-07-01T10:33:49","modified_gmt":"2019-07-01T08:33:49","slug":"giovani-diventera-bellissima-il-messinese-armone-vice-coordinatore-regionale","status":"publish","type":"post","link":"https:\/\/www.messinaoggi.it\/website\/2019\/07\/01\/giovani-diventera-bellissima-il-messinese-armone-vice-coordinatore-regionale\/","title":{"rendered":"Giovani Diventer\u00e0 Bellissima: il messinese Armone vice coordinatore regionale"},"content":{"rendered":"<p class=\"s4\" style=\"text-align: justify;\"><span class=\"s6\"><span class=\"bumpedFont15\">Si \u00e8 tenuto presso l\u2019Hotel Eolian di Milazzo di Primo Congresso Regionale dei Giovani di Diventer\u00e0 Bellissima. <\/span><\/span><div id=\"div-gpt-ad-Messinaoggi.it-DSK-300x250-corpoart\" style=\"text-align:center;margin:0 auto;\"><\/div><\/p>\n<p class=\"s4\" style=\"text-align: justify;\"><span class=\"s6\"><span class=\"bumpedFont15\">Al termine dei lavori &#8211; aperti dall\u2019On. Pino Galluzzo, e presieduti dal Coordinatore Provinciale, l\u2019Avv. Giosu\u00e8 Giardina, alla presenza del Presidente, Nello Musumeci e dell\u2019Assessore Ruggero Razza &#8211; sono stati eletti il Coordinatore Regionale dei Giovani di Diventer\u00e0 Bellissima, Francesco Sicali di Catania e i Vice Coordinatori Regionali Francesco Armone, di Messina, e Domenico Bonanno, di Palermo. <\/span><\/span><div id=\"videoincontent\" style=\"clear:both\";><\/div><\/p>\n<p class=\"s4\" style=\"text-align: justify;\"><span class=\"s6\"><span class=\"bumpedFont15\">A prendere parte alla giornata anche i rappresentanti degli organi superiori dell\u2019Universit\u00e0 di Messina, i Consiglieri di Amministrazione, Vera Gregoli e Salvatore Marchiafava, i Senatori Accademici Andrea Muscar\u00e0 e Ouahib Droussi, nonch\u00e8 la pi\u00f9 giovane Consigliera Nazionale degli studenti universitari, Alessandra Rundo, tutti espressione del gruppo politico Diventer\u00e0 Bellissima, che fa riferimento al Presidente della IV Circoscrizione, Alberto De Luca. <\/span><\/span><\/p>\n","protected":false},"excerpt":{"rendered":"<p>Si \u00e8 tenuto presso l\u2019Hotel Eolian di Milazzo di Primo Congresso Regionale dei Giovani di Diventer\u00e0 Bellissima. Al termine dei lavori &#8211; aperti dall\u2019On. Pino Galluzzo, e presieduti dal Coordinatore Provinciale, l\u2019Avv. Giosu\u00e8 Giardina, alla presenza del Presidente, Nello Musumeci e dell\u2019Assessore Ruggero Razza &#8211; sono stati eletti il Coordinatore Regionale dei Giovani di Diventer\u00e0 [&hellip;]<\/p>\n","protected":false},"author":2,"featured_media":34583,"comment_status":"closed","ping_status":"open","sticky":false,"template":"","format":"standard","meta":{"ub_ctt_via":"","_mi_skip_tracking":false},"categories":[4],"tags":[],"featured_image_src":"https:\/\/www.messinaoggi.it\/website\/wp-content\/uploads\/2019\/07\/941D68A1-BD9A-45C9-BB93-47D0D02D390F.jpeg","author_info":{"display_name":"Redazione","author_link":"https:\/\/www.messinaoggi.it\/website\/author\/redazione\/"},"digistream_id":0,"digistream":false,"_links":{"self":[{"href":"https:\/\/www.messinaoggi.it\/website\/wp-json\/wp\/v2\/posts\/34582"}],"collection":[{"href":"https:\/\/www.messinaoggi.it\/website\/wp-json\/wp\/v2\/posts"}],"about":[{"href":"https:\/\/www.messinaoggi.it\/website\/wp-json\/wp\/v2\/types\/post"}],"author":[{"embeddable":true,"href":"https:\/\/www.messinaoggi.it\/website\/wp-json\/wp\/v2\/users\/2"}],"replies":[{"embeddable":true,"href":"https:\/\/www.messinaoggi.it\/website\/wp-json\/wp\/v2\/comments?post=34582"}],"version-history":[{"count":0,"href":"https:\/\/www.messinaoggi.it\/website\/wp-json\/wp\/v2\/posts\/34582\/revisions"}],"wp:featuredmedia":[{"embeddable":true,"href":"https:\/\/www.messinaoggi.it\/website\/wp-json\/wp\/v2\/media\/34583"}],"wp:attachment":[{"href":"https:\/\/www.messinaoggi.it\/website\/wp-json\/wp\/v2\/media?parent=34582"}],"wp:term":[{"taxonomy":"category","embeddable":true,"href":"https:\/\/www.messinaoggi.it\/website\/wp-json\/wp\/v2\/categories?post=34582"},{"taxonomy":"post_tag","embeddable":true,"href":"https:\/\/www.messinaoggi.it\/website\/wp-json\/wp\/v2\/tags?post=34582"}],"curies":[{"name":"wp","href":"https:\/\/api.w.org\/{rel}","templated":true}]}}