{"id":34576,"date":"2019-07-01T08:00:30","date_gmt":"2019-07-01T06:00:30","guid":{"rendered":"https:\/\/www.messinaoggi.it\/website\/?p=34576"},"modified":"2019-07-01T08:00:30","modified_gmt":"2019-07-01T06:00:30","slug":"boxe-de-bella-batte-frisone-rematch-il-6-luglio","status":"publish","type":"post","link":"https:\/\/www.messinaoggi.it\/website\/2019\/07\/01\/boxe-de-bella-batte-frisone-rematch-il-6-luglio\/","title":{"rendered":"Boxe, De Bella batte Frisone. Rematch il 6 luglio"},"content":{"rendered":"<p>Sabato scorso il pugile Paolo Frisone (69 kg, a destra nella foto), prima serie \u00e9lite della Asd Cuba Boxe Club Messina dei maestri Astone, Rinaldi e Guglielmo, \u00e8 tornato sul ring dopo oltre un anno di stop. In particolare, nell\u2019ambito di una riunione pugilistica organizzata dal Team Dresda che si \u00e8 svolta a Siracusa presso il campo scuola Pippo Di Natale, Frisone ha combattuto contro Eugenio De Bella, pugile della Boxe ring Catania.<br \/>\nIl primo round vede subire il pugile messinese; seconda e terza ripresa sono invece un crescendo del nostro portacolori che per\u00f2 non convince appieno i giudici che ne decretano la sconfitta. Tutto sommato \u00e8 stato un ottimo match di rientro per Frisone, il quale preme sottolineare \u00e8 tornato a combattere dopo un lungo periodo di pausa.<br \/>\nIl prossimo match del pugile della Asd Cuba Boxe Club Messina si terr\u00e0 il 6 luglio a Catania, in casa della Boxe Ring (stadio Cibali). Per Frisone si terr\u00e0 probabilmente un rematch contro lo stesso De Bella.<div id=\"div-gpt-ad-Messinaoggi.it-DSK-300x250-corpoart\" style=\"text-align:center;margin:0 auto;\"><\/div><\/p>\n<div id=\"videoincontent\" style=\"clear:both\";><\/div>","protected":false},"excerpt":{"rendered":"<p>Sabato scorso il pugile Paolo Frisone (69 kg, a destra nella foto), prima serie \u00e9lite della Asd Cuba Boxe Club Messina dei maestri Astone, Rinaldi e Guglielmo, \u00e8 tornato sul ring dopo oltre un anno di stop. In particolare, nell\u2019ambito di una riunione pugilistica organizzata dal Team Dresda che si \u00e8 svolta a Siracusa presso [&hellip;]<\/p>\n","protected":false},"author":8,"featured_media":34577,"comment_status":"closed","ping_status":"open","sticky":false,"template":"","format":"standard","meta":{"ub_ctt_via":"","_mi_skip_tracking":false},"categories":[8,9],"tags":[],"featured_image_src":"https:\/\/www.messinaoggi.it\/website\/wp-content\/uploads\/2019\/06\/eugenio-de-bella-sx-contro-paolo-frisone-dx.jpg","author_info":{"display_name":"red..me","author_link":"https:\/\/www.messinaoggi.it\/website\/author\/redstage\/"},"digistream_id":0,"digistream":false,"_links":{"self":[{"href":"https:\/\/www.messinaoggi.it\/website\/wp-json\/wp\/v2\/posts\/34576"}],"collection":[{"href":"https:\/\/www.messinaoggi.it\/website\/wp-json\/wp\/v2\/posts"}],"about":[{"href":"https:\/\/www.messinaoggi.it\/website\/wp-json\/wp\/v2\/types\/post"}],"author":[{"embeddable":true,"href":"https:\/\/www.messinaoggi.it\/website\/wp-json\/wp\/v2\/users\/8"}],"replies":[{"embeddable":true,"href":"https:\/\/www.messinaoggi.it\/website\/wp-json\/wp\/v2\/comments?post=34576"}],"version-history":[{"count":0,"href":"https:\/\/www.messinaoggi.it\/website\/wp-json\/wp\/v2\/posts\/34576\/revisions"}],"wp:featuredmedia":[{"embeddable":true,"href":"https:\/\/www.messinaoggi.it\/website\/wp-json\/wp\/v2\/media\/34577"}],"wp:attachment":[{"href":"https:\/\/www.messinaoggi.it\/website\/wp-json\/wp\/v2\/media?parent=34576"}],"wp:term":[{"taxonomy":"category","embeddable":true,"href":"https:\/\/www.messinaoggi.it\/website\/wp-json\/wp\/v2\/categories?post=34576"},{"taxonomy":"post_tag","embeddable":true,"href":"https:\/\/www.messinaoggi.it\/website\/wp-json\/wp\/v2\/tags?post=34576"}],"curies":[{"name":"wp","href":"https:\/\/api.w.org\/{rel}","templated":true}]}}