{"id":34540,"date":"2019-06-29T12:01:50","date_gmt":"2019-06-29T10:01:50","guid":{"rendered":"https:\/\/www.messinaoggi.it\/website\/?p=34540"},"modified":"2019-06-29T12:01:50","modified_gmt":"2019-06-29T10:01:50","slug":"mli-scrive-a-de-luca-noi-non-siamo-solo-un-uomo","status":"publish","type":"post","link":"https:\/\/www.messinaoggi.it\/website\/2019\/06\/29\/mli-scrive-a-de-luca-noi-non-siamo-solo-un-uomo\/","title":{"rendered":"Mli scrive a De Luca: \u201cNoi non siamo solo un uomo\u201d"},"content":{"rendered":"<p>&#8220;<em>Illustrissimo dottor De Luca detto Cateno, nostro malgrado siamo costretti a scriverle la presente nella speranza che una volta e per tutte si possa uscire dall\u2019equivoco, voluto o meno, che porta il sacrificio di tanti ad essere ridotto ad uno scontro tra lei ed il responsabile del nostro movimento Roberto Cerreti<\/em>&#8220;. Il Movimento Liberi Insieme (Mli), un tempo vicinissimo al sindaco Cateno De Luca, torna a polemizzare contro il primo cittadino di Messina, e lo fa queste volta volendo mettere una volta per tutte una cosa in chiaro: la diatriba tra il movimento e il sindaco non deve essere banalizzata, cos\u00ec come vorrebbe il primo cittadino, in uno scontro tra Cateno De Luca e Roberto Cerreti, capogruppo di Mli ed ex componente del CdA di Amam sotto l&#8217;attuale amministrazione. Qui di seguito riportiamo il resto della lettera aperta al sindaco:<br \/>\n&#8220;<em>Veda <strong>noi non siamo &#8216;liberi e forti se hai una poltrona&#8217;<\/strong> come lei ha postato offensivamente sul suo profilo facebook, anzi cogliamo l\u2019occasione per porgere la nostra solidariet\u00e0 al movimento &#8216;liberi e forti&#8217; che \u00e8 tutt\u2019altra cosa, <strong>ma siamo il Movimento Liberi e Insieme<\/strong>, quell\u2019associazione politica che lei ha cercato e voluto accanto gi\u00e0 in tempi non sospetti, e quando per diverse ipotesi si immaginava la sua associazione propensa verso un esperienza comunale su Messina e la nostra invece dedita ad obbiettivi provinciali, ovviamente parafrasando il suo modus agendi politico, di quello che diciamo abbiamo memoria e messaggi conservati.<\/em><br \/>\n<em>Quindi lei sa bene, anzi benissimo chi siamo, \u00e8 &#8216;<strong>noi non siamo solo un uomo&#8217; con cui lei ha avuto a che ridire perch\u00e9 non ha mantenuto gli impegni politici ed elettorali presi<\/strong>, ma quegli uomini, quelle donne e quei ragazzi con cui ha avuto modo di interagire nella sua segreteria, durante le nostre cene o quando ci chiedeva pressantemente di candidarci nelle sue liste, presenza ovviamente che non solo non \u00e8 mancata, ma che \u00e8 stata determinante con tutti gli altri candidati per il raggiungimento del ballottaggio.<\/em><br \/>\n<em>Ridurre il sacrificio di ognuno di noi e di un intero movimento, le nottate passate insonni alla ricerca di consenso e soluzioni per la citt\u00e0, lo sforzo di chi per la prima volta affrontava una campagna elettorale ammaliato dall\u2019idea del cambiamento e convinto dal bel sentire del suo programma elettorale, alla diatriba per una poltrona all\u2019Amam per Cerreti o, come dice lei, alla richiesta di &#8216;consulenze&#8217;, \u00e8 veramente ingiusto e squalificante anche per lei stesso.<\/em><br \/>\n<em>Anzi, sa bene, perch\u00e9 lei sa che noi c\u2019eravamo e con Cerreti condividiamo <strong>&#8216;democraticamente&#8217;<\/strong> ogni passaggio o scelta, che non \u00e8 stata la decisione dell\u2019estromissione del nostro riferimento dall\u2019Amam, scelta calzata a pennello con la sua insofferenza a restare nella societ\u00e0 per la &#8216;particolare&#8217; situazione debitoria aziendale, o la mancata elargizione di consulenze, tra l\u2019altro non richieste, <strong>ma questo lo sa bene<\/strong>, a farci diventare critici nei suoi confronti, ma l\u2019assoluta indifferenza di fronte alla nostra richiesta di incontri o riunioni per l\u2019attuazione del programma elettorale, la mancanza totale di dialogo col nostro movimento ed anche con il resto dei suoi ex candidati sulle scelte propedeutiche alle elezioni europee e, soprattutto, la sua avversit\u00e0 contro il nostro amico e candidato onorevole Saverio Romano.<\/em><br \/>\n<em>Nessuno di noi dottor De Luca, ha chiesto poltrone o incarichi o ne ha mai avute, nonostante il Movimento annoveri diversi e tanti professionisti tra le proprie fila, ma ricordiamo bene al contrario, le sue parole, quando vinte le elezioni disse <strong>&#8216;\u00e8 andata bene, quindi vuol dire che \u00e8 andata bene per tutti noi&#8217;<\/strong>, riconoscendo l\u2019importanza della nostra presenza in quell\u2019avventura elettorale e facendoci intuire che la nostra collaborazione sarebbe continuata perch\u00e9 era veramente andata bene.<\/em><br \/>\n<em>Ma cos\u00ec non \u00e8 stato, e tranne che per riempire le piazze durante i comizi e presenziare all\u2019unico incontro fatto con gli ex candidati dall\u2019inizio del suo mandato, nei saloni dell\u2019Istituto Cristo Re, dove ci ha solo informati della candidatura della Musolino alle Europee, tra l\u2019altro maltrattando chi aveva osato intervenire lamentandosi per la sua lunga assenza, noi non abbiamo mai avuto modo di discutere o parlare pi\u00f9 con il nostro candidato sindaco.<\/em><br \/>\n<em>Inutile dirle che noi credevamo fortemente nel candidato sindaco Cateno De Luca, come del resto il nostro capogruppo Roberto Cerreti che, in verit\u00e0, \u00e8 anche stato quello pi\u00f9 restio nel prendere posizioni avverse all\u2019amministrazione ed a lei, nonostante le nostre lamentele risalissero a diverso tempo prima che si rinnovassero gli assetti dell\u2019acquedotto o lo aggredisse verbalmente sui media. Noi credevamo in quel programma elettorale ed in quelle idee che avrebbero dovuto rivoluzionare Messina e non solleticare qualche salotto riservato della Citt\u00e0.<\/em><br \/>\n<em>Ed oggi, incredibilmente, assistiamo anche alla sua richiesta di solidariet\u00e0 con tanto di video, in cui chiede ai cittadini di starle vicino perch\u00e9 l\u2019isolamento \u00e8 brutto, come se non si rendesse conto che \u00e8 stato giusto lei ad isolarsi da tutto e da tutti e soprattutto dai propri sostenitori, che ha bistrattato, insultato, evitato come la peste, escludendo quindi, i suoi candidati e tutti coloro che in tempi non sospetti l\u2019hanno appoggiata &#8216;veramente senza se e senza ma&#8217; dalla sua vita personale ed istituzionale, per vendersi ad incomprensibili ed anacronistiche logiche spartitorie e di nuove alleanze, che hanno premiato esclusivamente coloro che erano i nostri avversari politici alle amministrative.<\/em><br \/>\n<em>Certo, c\u2019\u00e8 l\u2019alibi che da parte degli ex candidati potessero arrivare richieste di <strong>&#8216;raccomandazioni&#8217;<\/strong>, di case popolari, posti di lavoro o di sottogoverno, come giustific\u00f2 lei durante l\u2019incontro di Cristo Re, ma veda non tutti siamo uguali e le assicuriamo che nel caso nostro e di molti dei candidati si \u00e8 veramente sbagliato. <strong>Noi volevamo solo fare politica per la nostra citt\u00e0, una Politica con la P maiuscola basata sulla buona educazione, il rispetto e la lealt\u00e0. <\/strong>Gli stessi valori che oggi ci hanno portato a scrivere la presente per ricordarle quello che evidentemente la sua <strong>&#8216;nuova poltrona&#8217;<\/strong> le ha fatto dimenticare: noi siamo siciliani, messinesi, madri, padri, figli di questa terra e tutti rappresentanti di un\u2019associazione che ci ha dato e ci d\u00e0 la possibilit\u00e0 di stare ed esprimere liberamente e democraticamente le nostre idee, rimanendo uniti e col piacere di fare Politica insieme.<\/em><br \/>\n<em>Noi non siamo &#8216;Avatar&#8217; caro Sindaco, Noi siamo persone perbene e che ragionano con la propria testa, Noi siamo quelli che l\u2019hanno sostenuto quando accanto a lei non c\u2019era nessuno e la maggior parte dei messinesi la scherniva,\u00a0 <strong>Noi siamo il Movimento Liberi Insieme<\/strong>!<\/em><br \/>\n<em>Il direttivo del Movimento Liberi Insieme: <strong>Adele Bonfiglio, Giovanni Silipigni, Cesare Arezzio, Giusi Zangla, Matteo Sigillo, Mario Bivona, Jonny Centorrino, Teresa Cascio, Luigi De Domenico, Bruno Cacciato, Giovanni La Rosa, Iside Bombaci e Valentino Gullino<\/strong><\/em>&#8220;.<div id=\"div-gpt-ad-Messinaoggi.it-DSK-300x250-corpoart\" style=\"text-align:center;margin:0 auto;\"><\/div><\/p>\n<div id=\"videoincontent\" style=\"clear:both\";><\/div>","protected":false},"excerpt":{"rendered":"<p>&#8220;Illustrissimo dottor De Luca detto Cateno, nostro malgrado siamo costretti a scriverle la presente nella speranza che una volta e per tutte si possa uscire dall\u2019equivoco, voluto o meno, che porta il sacrificio di tanti ad essere ridotto ad uno scontro tra lei ed il responsabile del nostro movimento Roberto Cerreti&#8220;. Il Movimento Liberi Insieme [&hellip;]<\/p>\n","protected":false},"author":8,"featured_media":34541,"comment_status":"closed","ping_status":"open","sticky":false,"template":"","format":"standard","meta":{"ub_ctt_via":"","_mi_skip_tracking":false},"categories":[4],"tags":[],"featured_image_src":"https:\/\/www.messinaoggi.it\/website\/wp-content\/uploads\/2019\/06\/Foto-incontro-MLI.jpg","author_info":{"display_name":"red..me","author_link":"https:\/\/www.messinaoggi.it\/website\/author\/redstage\/"},"digistream_id":0,"digistream":false,"_links":{"self":[{"href":"https:\/\/www.messinaoggi.it\/website\/wp-json\/wp\/v2\/posts\/34540"}],"collection":[{"href":"https:\/\/www.messinaoggi.it\/website\/wp-json\/wp\/v2\/posts"}],"about":[{"href":"https:\/\/www.messinaoggi.it\/website\/wp-json\/wp\/v2\/types\/post"}],"author":[{"embeddable":true,"href":"https:\/\/www.messinaoggi.it\/website\/wp-json\/wp\/v2\/users\/8"}],"replies":[{"embeddable":true,"href":"https:\/\/www.messinaoggi.it\/website\/wp-json\/wp\/v2\/comments?post=34540"}],"version-history":[{"count":0,"href":"https:\/\/www.messinaoggi.it\/website\/wp-json\/wp\/v2\/posts\/34540\/revisions"}],"wp:featuredmedia":[{"embeddable":true,"href":"https:\/\/www.messinaoggi.it\/website\/wp-json\/wp\/v2\/media\/34541"}],"wp:attachment":[{"href":"https:\/\/www.messinaoggi.it\/website\/wp-json\/wp\/v2\/media?parent=34540"}],"wp:term":[{"taxonomy":"category","embeddable":true,"href":"https:\/\/www.messinaoggi.it\/website\/wp-json\/wp\/v2\/categories?post=34540"},{"taxonomy":"post_tag","embeddable":true,"href":"https:\/\/www.messinaoggi.it\/website\/wp-json\/wp\/v2\/tags?post=34540"}],"curies":[{"name":"wp","href":"https:\/\/api.w.org\/{rel}","templated":true}]}}