{"id":3454,"date":"2017-06-25T16:44:53","date_gmt":"2017-06-25T14:44:53","guid":{"rendered":"http:\/\/www.messinaoggi.it\/website\/?p=3454"},"modified":"2017-06-25T16:44:53","modified_gmt":"2017-06-25T14:44:53","slug":"regolamento-arte-di-strada-soddisfazione-per-periodo-di-prova-ordinanza","status":"publish","type":"post","link":"https:\/\/www.messinaoggi.it\/website\/2017\/06\/25\/regolamento-arte-di-strada-soddisfazione-per-periodo-di-prova-ordinanza\/","title":{"rendered":"Regolamento Arte di Strada, \u201cSoddisfazione per periodo di prova ordinanza\u201d"},"content":{"rendered":"<p style=\"text-align: justify\">Anche redigere il <strong>Regolamento dell\u2019Arte di Strada che disciplini le esibizioni di molti talenti nascosti<\/strong> o che non sono riusciti a sfondare nel loro campo su scala nazionale o che magari si guadagnano da vivere solo con questa attivit\u00e0, non \u00e8 stato semplice. Alla fine, il provvedimento sindacale \u00e8 uscito fuori dal cilindro della Giunta, dovr\u00e0 traghettare, in questa settimana, verso il parere della IX Commissione e, poi, nel Civico Consesso. I <strong>Giovani Democratici di Messina, con la voce di Emanuele Morabito, rappresentano il Gruppo proponente di questo documento di regole e si dichiarano, da sempre in prima linea<\/strong>, sia attraverso il lavoro di Antonio Ramires che, insieme alle Consigliere Comunali Antonella Russo e Cecilia Caccamo, ha steso il testo del Regolamento, sia varie attivit\u00e0 di gruppo volte a portare l\u2019arte di strada in citt\u00e0, durante manifestazioni pubbliche, sia attraverso una campagna di raccolta firme, \u201cObiettivo5Mila\u201d, ancora in corso.<div id=\"div-gpt-ad-Messinaoggi.it-DSK-300x250-corpoart\" style=\"text-align:center;margin:0 auto;\"><\/div><\/p>\n<p style=\"text-align: justify\">\u201cEsprimiamo massima soddisfazione per l\u2019ordinanza emessa dal Sindaco Renato Accorinti, su proposta dell\u2019Assessore alla Cultura, Federico Alagna &#8211; aggiunge il gruppo politico -, che stabilisce un periodo di &#8216;prova&#8217; nel territorio del fenomeno artistico di strada. Continuiamo a sostenere con forza la proposta, rivolgendo alle istituzioni l\u2019invito a seguire il percorso sin adesso intrapreso\u201d.<div id=\"videoincontent\" style=\"clear:both\";><\/div><\/p>\n<p style=\"text-align: justify\">\u201c<strong>Ci aspettiamo che tale ordinanza \u2013 affermano i giovani esponenti -, ispirata dal codice etico della Federazione Nazionale Artisti di Strada e da modelli gi\u00e0 sperimentati in altre citt\u00e0, come Palermo, possa servire a sensibilizzare maggiormente l\u2019opinione pubblica sul tema<\/strong>, in quanto utile allo sviluppo Turistico, Culturale e Sociale. Siamo convinti che, anche grazie al lavoro svolto fino adesso attraverso numerose sedute di Consiglio di Quartiere ed alcuni tavoli tecnici con i rappresentanti locali del mondo della cultura e del turismo, avendo tutti mostrato attenzione e disponibilit\u00e0, si possa sfruttare strategicamente il merito dell\u2019ordinanza con attivit\u00e0 sul territorio\u201d.<\/p>\n<p style=\"text-align: justify\">\u201cCi troviamo quindi a proseguire il percorso di divulgazione, in attesa che il Regolamento, senza il quale non pu\u00f2 costruirsi una fase di sviluppo del fenomeno, venga discusso e votato dal Consiglio Comunale, organo al quale, il 16 Dicembre 2016, il testo veniva proposto\u201d.<\/p>\n<p> <\/p>\n","protected":false},"excerpt":{"rendered":"<p>Anche redigere il Regolamento dell\u2019Arte di Strada che disciplini le esibizioni di molti talenti nascosti o che non sono riusciti a sfondare nel loro campo su scala nazionale o che magari si guadagnano da vivere solo con questa attivit\u00e0, non \u00e8 stato semplice. Alla fine, il provvedimento sindacale \u00e8 uscito fuori dal cilindro della Giunta, [&hellip;]<\/p>\n","protected":false},"author":7,"featured_media":3458,"comment_status":"closed","ping_status":"open","sticky":false,"template":"","format":"standard","meta":{"ub_ctt_via":"","_mi_skip_tracking":false},"categories":[4],"tags":[],"featured_image_src":"https:\/\/www.messinaoggi.it\/website\/wp-content\/uploads\/2017\/06\/artista-di-strada-statua-su-wc-messinaoggi-2.jpg","author_info":{"display_name":"Redazione1","author_link":"https:\/\/www.messinaoggi.it\/website\/author\/redazione1\/"},"digistream_id":0,"digistream":false,"_links":{"self":[{"href":"https:\/\/www.messinaoggi.it\/website\/wp-json\/wp\/v2\/posts\/3454"}],"collection":[{"href":"https:\/\/www.messinaoggi.it\/website\/wp-json\/wp\/v2\/posts"}],"about":[{"href":"https:\/\/www.messinaoggi.it\/website\/wp-json\/wp\/v2\/types\/post"}],"author":[{"embeddable":true,"href":"https:\/\/www.messinaoggi.it\/website\/wp-json\/wp\/v2\/users\/7"}],"replies":[{"embeddable":true,"href":"https:\/\/www.messinaoggi.it\/website\/wp-json\/wp\/v2\/comments?post=3454"}],"version-history":[{"count":0,"href":"https:\/\/www.messinaoggi.it\/website\/wp-json\/wp\/v2\/posts\/3454\/revisions"}],"wp:featuredmedia":[{"embeddable":true,"href":"https:\/\/www.messinaoggi.it\/website\/wp-json\/wp\/v2\/media\/3458"}],"wp:attachment":[{"href":"https:\/\/www.messinaoggi.it\/website\/wp-json\/wp\/v2\/media?parent=3454"}],"wp:term":[{"taxonomy":"category","embeddable":true,"href":"https:\/\/www.messinaoggi.it\/website\/wp-json\/wp\/v2\/categories?post=3454"},{"taxonomy":"post_tag","embeddable":true,"href":"https:\/\/www.messinaoggi.it\/website\/wp-json\/wp\/v2\/tags?post=3454"}],"curies":[{"name":"wp","href":"https:\/\/api.w.org\/{rel}","templated":true}]}}