{"id":34529,"date":"2019-06-29T10:25:56","date_gmt":"2019-06-29T08:25:56","guid":{"rendered":"https:\/\/www.messinaoggi.it\/website\/?p=34529"},"modified":"2019-06-29T10:25:56","modified_gmt":"2019-06-29T08:25:56","slug":"emergenza-caldo-gioveni-a-quando-ladozione-di-un-apposito-piano","status":"publish","type":"post","link":"https:\/\/www.messinaoggi.it\/website\/2019\/06\/29\/emergenza-caldo-gioveni-a-quando-ladozione-di-un-apposito-piano\/","title":{"rendered":"Emergenza caldo, Gioveni: &quot;A quando l&#039;adozione di un apposito piano?&quot;"},"content":{"rendered":"<p>E nel mentre diverse amministrazioni comunali in tutta Italia si sono gi\u00e0 mobilitate a varare dei piani per fronteggiare l\u2019attuale emergenza caldo, a Messina si preferisce adottare una strategia pi\u00f9 \u201cattendentista\u201d, probabilmente perch\u00e9 l\u2019attuale ondata di caldo non \u00e8 ancora percepita come un\u2019emergenza dall&#8217;attuale amministrazione. A onor del vero, preme sottolineare che nel resto della penisola, e pi\u00f9 in generale d\u2019Europa, si sono registrate temperature ben pi\u00f9 elevate, in alcuni casi sfiorando i quaranta gradi Celsius, ma una cosa \u00e8 certa: pur attestandosi \u201cappena\u201d sopra i trenta gradi centigradi la temperatura a Messina, in citt\u00e0 la temperatura \u00e8 ben al di sopra della media stagionale, e forse parlare di emergenza non sarebbe poi cos\u00ec esagerato. In ogni caso, sulla vicenda \u00e8 intervenuto il consigliere comunale Libero Gioveni, il quale ha per l\u2019appunto sollecitato l\u2019amministrazione comunale a predisporre al pi\u00f9 presto un apposito piano per l\u2019emergenza caldo.<br \/>\n\u201c<em>Ma qual \u00e8 la soglia massima di temperatura per questa amministrazione tale da far scattare il piano per la gestione dell\u2019emergenza caldo per la popolazione pi\u00f9 suscettibile<\/em>?\u201d, si chiede a tal proposito Gioveni, che poi aggiunge: \u201c<em>Appare quanto meno curioso il fatto che sembra non esservi traccia di misure per fronteggiare le allerte caldo con azioni di informazione preventiva e successivo pronto intervento nei confronti soprattutto di anziani, bambini piccoli e disabili che necessiterebbero di aiuti adeguati alle esigenze del momento<\/em>\u201d.<br \/>\n\u201c<em>Negli anni scorsi e prima di ogni inizio estate<\/em> \u2013 prosegue stupito il consigliere \u2013 <em>tutte le amministrazioni hanno varato i piani estivi per l\u2019emergenza caldo, e non soltanto con le procedure di emissione di bollettini meteo da parte del sindaco, ma anche con consigli validi per tutti i cittadini pi\u00f9 a rischio, distribuendo brochure con l&#8217;elenco dei recapiti dei punti di intervento sanitario oltre ai numeri telefonici per le segnalazioni di emergenza, con una distribuzione capillare negli ospedali, negli ambulatori dei Medici di famiglia e dei pediatri, nelle farmacie, nei poliambulatori e gli uffici pubblici.<\/em><br \/>\n\u201c<em>Pertanto <\/em>\u2013 conclude Gioveni \u2013<em> la richiesta a sindaco e assessore ai servizi sociali non pu\u00f2 che essere quella di attivarsi urgentemente varando il piano di informazione e sensibilizzazione rivolto alla popolazione pi\u00f9 esposta al rischio sui comportamenti da assumere nei casi di forti ondate di calore<\/em>\u201d.<div id=\"div-gpt-ad-Messinaoggi.it-DSK-300x250-corpoart\" style=\"text-align:center;margin:0 auto;\"><\/div><\/p>\n<div id=\"videoincontent\" style=\"clear:both\";><\/div>","protected":false},"excerpt":{"rendered":"<p>E nel mentre diverse amministrazioni comunali in tutta Italia si sono gi\u00e0 mobilitate a varare dei piani per fronteggiare l\u2019attuale emergenza caldo, a Messina si preferisce adottare una strategia pi\u00f9 \u201cattendentista\u201d, probabilmente perch\u00e9 l\u2019attuale ondata di caldo non \u00e8 ancora percepita come un\u2019emergenza dall&#8217;attuale amministrazione. A onor del vero, preme sottolineare che nel resto della [&hellip;]<\/p>\n","protected":false},"author":8,"featured_media":22802,"comment_status":"closed","ping_status":"open","sticky":false,"template":"","format":"standard","meta":{"ub_ctt_via":"","_mi_skip_tracking":false},"categories":[4],"tags":[],"featured_image_src":"https:\/\/www.messinaoggi.it\/website\/wp-content\/uploads\/2018\/08\/caldo-estate-1.jpg","author_info":{"display_name":"red..me","author_link":"https:\/\/www.messinaoggi.it\/website\/author\/redstage\/"},"digistream_id":0,"digistream":false,"_links":{"self":[{"href":"https:\/\/www.messinaoggi.it\/website\/wp-json\/wp\/v2\/posts\/34529"}],"collection":[{"href":"https:\/\/www.messinaoggi.it\/website\/wp-json\/wp\/v2\/posts"}],"about":[{"href":"https:\/\/www.messinaoggi.it\/website\/wp-json\/wp\/v2\/types\/post"}],"author":[{"embeddable":true,"href":"https:\/\/www.messinaoggi.it\/website\/wp-json\/wp\/v2\/users\/8"}],"replies":[{"embeddable":true,"href":"https:\/\/www.messinaoggi.it\/website\/wp-json\/wp\/v2\/comments?post=34529"}],"version-history":[{"count":0,"href":"https:\/\/www.messinaoggi.it\/website\/wp-json\/wp\/v2\/posts\/34529\/revisions"}],"wp:featuredmedia":[{"embeddable":true,"href":"https:\/\/www.messinaoggi.it\/website\/wp-json\/wp\/v2\/media\/22802"}],"wp:attachment":[{"href":"https:\/\/www.messinaoggi.it\/website\/wp-json\/wp\/v2\/media?parent=34529"}],"wp:term":[{"taxonomy":"category","embeddable":true,"href":"https:\/\/www.messinaoggi.it\/website\/wp-json\/wp\/v2\/categories?post=34529"},{"taxonomy":"post_tag","embeddable":true,"href":"https:\/\/www.messinaoggi.it\/website\/wp-json\/wp\/v2\/tags?post=34529"}],"curies":[{"name":"wp","href":"https:\/\/api.w.org\/{rel}","templated":true}]}}