{"id":34516,"date":"2019-06-29T06:48:57","date_gmt":"2019-06-29T04:48:57","guid":{"rendered":"https:\/\/www.messinaoggi.it\/website\/?p=34516"},"modified":"2019-06-29T06:48:57","modified_gmt":"2019-06-29T04:48:57","slug":"papardo-paino-replica-alla-uil-fpl-stiamo-lavorando-per-sopperire-alle-mancanze","status":"publish","type":"post","link":"https:\/\/www.messinaoggi.it\/website\/2019\/06\/29\/papardo-paino-replica-alla-uil-fpl-stiamo-lavorando-per-sopperire-alle-mancanze\/","title":{"rendered":"Papardo, Paino replica alla Uil-Fpl: \u201cStiamo lavorando per sopperire alle mancanze\u201d"},"content":{"rendered":"<p>La replica alla nota della Uil-Fpl sulla carenza di personale al Papardo, non si \u00e8 fatta attendere da parte del dg Mario Paino.<br \/>\n\u201cAl buio oltre la siepe preferisco il cuore oltre l&#8217;ostacolo<span class=\"Apple-converted-space\">\u00a0 <\/span>E in effetti in qualche mese ho assunto a tempo indeterminato 25 ausiliari e sto immettendo i primi undici di ventinove infermieri. Ho affidato tre articoli 18 di direzione di struttura complessa(uniche di cui ho deroga) sto svolgendo due concorsi di struttura complessa Ho bandito una parte dei posti vacanti per mobilit\u00e0. Il restante sar\u00e0 bandito il prossimo mese.Ho fatto<span class=\"Apple-converted-space\">\u00a0 <\/span>decine di incarichi su posti vacanti. Forse sono responsabile di quota 100 o di leggi 104 non so<span class=\"Apple-converted-space\">\u00a0 <\/span>.Ma soprattutto non ho tralasciato nulla per <span class=\"Apple-converted-space\">\u00a0 <\/span>cercare di portare avanti l&#8217;azienda in attesa degli atti di programmazione. Forse \u00e8 poco e ringrazio chi me lo ricorda. Concordo con loro che non \u00e8 sufficiente e continuer\u00f2 a gettare il cuore oltre l&#8217;ostacolo per continuare a migliorare le cose<span class=\"Apple-converted-space\">\u00a0 <\/span>pur nella disarmante<span class=\"Apple-converted-space\">\u00a0 <\/span>ingenerosit\u00e0\u201d.<br \/>\nLo afferma Paino in una replica piccata al sindacato guidato a Messina da Pippo Calapai.<div id=\"div-gpt-ad-Messinaoggi.it-DSK-300x250-corpoart\" style=\"text-align:center;margin:0 auto;\"><\/div><\/p>\n<div id=\"videoincontent\" style=\"clear:both\";><\/div>","protected":false},"excerpt":{"rendered":"<p>La replica alla nota della Uil-Fpl sulla carenza di personale al Papardo, non si \u00e8 fatta attendere da parte del dg Mario Paino. \u201cAl buio oltre la siepe preferisco il cuore oltre l&#8217;ostacolo\u00a0 E in effetti in qualche mese ho assunto a tempo indeterminato 25 ausiliari e sto immettendo i primi undici di ventinove infermieri. [&hellip;]<\/p>\n","protected":false},"author":2,"featured_media":4079,"comment_status":"closed","ping_status":"open","sticky":false,"template":"","format":"standard","meta":{"ub_ctt_via":"","_mi_skip_tracking":false},"categories":[19],"tags":[],"featured_image_src":"https:\/\/www.messinaoggi.it\/website\/wp-content\/uploads\/2017\/07\/Papardo_Pronto-Soccorso_messinaoggiMR-2.jpg","author_info":{"display_name":"Redazione","author_link":"https:\/\/www.messinaoggi.it\/website\/author\/redazione\/"},"digistream_id":0,"digistream":false,"_links":{"self":[{"href":"https:\/\/www.messinaoggi.it\/website\/wp-json\/wp\/v2\/posts\/34516"}],"collection":[{"href":"https:\/\/www.messinaoggi.it\/website\/wp-json\/wp\/v2\/posts"}],"about":[{"href":"https:\/\/www.messinaoggi.it\/website\/wp-json\/wp\/v2\/types\/post"}],"author":[{"embeddable":true,"href":"https:\/\/www.messinaoggi.it\/website\/wp-json\/wp\/v2\/users\/2"}],"replies":[{"embeddable":true,"href":"https:\/\/www.messinaoggi.it\/website\/wp-json\/wp\/v2\/comments?post=34516"}],"version-history":[{"count":0,"href":"https:\/\/www.messinaoggi.it\/website\/wp-json\/wp\/v2\/posts\/34516\/revisions"}],"wp:featuredmedia":[{"embeddable":true,"href":"https:\/\/www.messinaoggi.it\/website\/wp-json\/wp\/v2\/media\/4079"}],"wp:attachment":[{"href":"https:\/\/www.messinaoggi.it\/website\/wp-json\/wp\/v2\/media?parent=34516"}],"wp:term":[{"taxonomy":"category","embeddable":true,"href":"https:\/\/www.messinaoggi.it\/website\/wp-json\/wp\/v2\/categories?post=34516"},{"taxonomy":"post_tag","embeddable":true,"href":"https:\/\/www.messinaoggi.it\/website\/wp-json\/wp\/v2\/tags?post=34516"}],"curies":[{"name":"wp","href":"https:\/\/api.w.org\/{rel}","templated":true}]}}