{"id":3449,"date":"2017-06-25T15:37:26","date_gmt":"2017-06-25T13:37:26","guid":{"rendered":"http:\/\/www.messinaoggi.it\/website\/?p=3449"},"modified":"2017-06-25T15:37:26","modified_gmt":"2017-06-25T13:37:26","slug":"gaetano-accetta-grazie-santangiolese-ora-attendo-panchina-da-messina-e-dintorni","status":"publish","type":"post","link":"https:\/\/www.messinaoggi.it\/website\/2017\/06\/25\/gaetano-accetta-grazie-santangiolese-ora-attendo-panchina-da-messina-e-dintorni\/","title":{"rendered":"Gaetano Accetta: &quot;Grazie Santangiolese, ora attendo panchina da Messina e dintorni&quot;"},"content":{"rendered":"<p style=\"text-align: justify\">Da tre giorni si sta guardando attorno, a seguito della risoluzione consensuale &#8211; maturata ufficialmente gioved\u00ec scorso &#8211; del rapporto con la <strong>Santangiolese<\/strong>, al cui timone ha condotto una brillante stagione calcistica 2016\/17 sia nel girone occidentale di Promozione che in Coppa Italia. Adesso il mister messinese<strong> Gaetano Accetta<\/strong> resta in attesa di una chiamata seria e affidabile che lo convinca a tornare in pista. &#8220;<em>Penso di aver fatto bene, per cui mi auguro di accasarmi in qualche squadra non lontana da Messina<\/em>&#8220;, sono le prime parole dell&#8217;allenatore classe &#8217;59 (cinquantotto anni da compiere il prossimo 28 settembre), tra pi\u00f9 longevi ed esperti del calcio siciliano: al suo attivo diversi campionati di Eccellenza, ma anche varie sfide play-off per la promozione in Serie D. E soprattutto il buon Gaetano si conferma, ad oggi, persona perbene (forse pure troppo, per il calcio contemporaneo), rimasta sempre umile e disponibile.<br \/>\nAccetta ha &#8220;<em>accettato<\/em>&#8221; (gioco di parole) di sottoporsi alle nostre domande con la disponibilit\u00e0 di sempre.<br \/>\n<strong>Mister, com&#8217;\u00e8 maturato questo suo &#8220;divorzio&#8221; con la Santangiolese?<\/strong><br \/>\n&#8220;<em>Ero stato inizialmente riconfermato, ma poi la societ\u00e0 \u2013 probabilmente per un discorso economico, ma avendo anche percepito il mio disagio a sostenere un altro anno di lunghe trasferte settimanali da Messina e S.Angelo di Brolo (andata e ritorno) &#8211; ha preso e condiviso con me una decisione che alla fine \u00e8 consensuale. Nel calcio tutto questo ci pu\u00f2 stare, anzi a volte cambiare aria o semplicemente fermarsi pu\u00f2 fare bene. Per me sono stati mesi di grandi sacrifici sostenuti\u00a0per almeno\u00a0quattro giorni su cinque a settimana, partendo alle 16.30 &#8211; dato che ci allenavamo di sera &#8211; e rientrando alle 22. Il tutto senza contare le gare di campionato e in particolare le dispendiose trasferte nel palermitano. Non ho mai saltato un solo giorno di lavoro<\/em>&#8220;.<br \/>\n<strong>Cosa le resta di questa stagione a S.Angelo di Brolo?<\/strong><br \/>\n&#8220;<em>Il miglior campionato di sempre nella storia della Santangiolese: sebbene mi fosse stato chiesto il semplice obiettivo della permanenza, siamo andati ben oltre le aspettative centrando il quarto posto finale e raggiungendo le semifinali play-off (senza tralasciare il buonissimo cammino in Coppa Italia, ndr), grazie a cui abbiamo saputo tener testa a piazze blasonate come Caccamo, Villabate e Cus Palermo. Ho vissuto una bellissima esperienza, sia con la dirigenza che con i calciatori. Lascio una societ\u00e0 seria e organizzata nonch\u00e9 un ambiente sano, che ti consente di lavorare senza pressioni. L&#8217;intelaiatura di squadra \u00e8 competitiva e penso possa continuare a far bene, tanto pi\u00f9 che nella prossima stagione si apriranno tante possibilit\u00e0<\/em>&#8220;.<br \/>\n<strong>Le sono gi\u00e0 pervenute proposte da altri sodalizi calcistici?<\/strong><br \/>\n&#8220;<em>Non ancora, forse poich\u00e9 forse gli addetti ai lavori pensavano fossi destinato a rimanere a S.Angelo di Brolo<\/em>&#8220;.<br \/>\n<strong>Mister, l&#8217;Eccellenza \u2013 campionato che lei conosce come le sue tasche \u2013 si appresta a ritrovare due formazioni a lei familiari come Citt\u00e0 di Messina e Camaro.<\/strong><br \/>\n&#8220;<em>Sono contento del loro ritorno nel massimo campionato siciliano. Sar\u00e0 un discorso stimolante anche per noi addetti ai lavori messinesi che, grazie a loro, avremo modo di poterci aggiornare. Il Camaro ha preferito affidarsi a un tecnico pi\u00f9 esperto dell&#8217;Eccellenza come Antonio Alacqua, ma Peppe Furnari \u2013 che in passato \u00e8 stato anche un mio giocatore \u2013 \u00e8 un ragazzo serio e intelligente che sapr\u00e0 far bene anche al Citt\u00e0&#8221;<\/em>.<br \/>\n<strong>Si profila un&#8217;estate di passione: numerosi sodalizi di Eccellenza sembrano voler chiudere i battenti. Qual \u00e8 il suo parere in proposito?<\/strong><br \/>\n&#8220;<em>Secondo me la Lega Sicula avr\u00e0 grossi problemi a stilare gli organici di Eccellenza, con 6-7 formazioni a rischio ritiro. Ci\u00f2 andrebbe a ripercuotersi, a catena, su tutte le categorie inferiori. La crisi c&#8217;\u00e8 e si tocca con mano: basti pensare ad allenatori importanti, e per di pi\u00f9 reduci da ottimi risultati, come Santino Bellinvia e Pasquale Ferrara i quali, almeno per ora, hanno entrambi deciso di fermarsi. Ma penso anche a tanti giocatori che, se vogliono continuare, dovranno accontentarsi di rimborsi spese nettamente inferiori rispetto alle scorse annate<\/em>&#8220;.<br \/>\n<strong>Come si pu\u00f2 uscire da questa situazione critica?<\/strong><br \/>\n&#8220;&#8221;<i>In questo contesto riusciranno ad andare avanti solo quelle societ\u00e0 in possesso di allenatori e direttori sportivi bravi a scovare i giovani talenti, o meglio ancora a crescerseli in casa. Un po&#8217; come facevamo, ai miei tempi, con l&#8217;allora USD Camaro. Ma anche l&#8217;attuale sodalizio neroverde e lo stesso Citt\u00e0 di Messina stanno continuando a lavorare bene sui vivai&#8221;.<\/i><div id=\"div-gpt-ad-Messinaoggi.it-DSK-300x250-corpoart\" style=\"text-align:center;margin:0 auto;\"><\/div><\/p>\n<div id=\"attachment_3450\" style=\"width: 310px\" class=\"wp-caption alignleft\"><img aria-describedby=\"caption-attachment-3450\" loading=\"lazy\" class=\"size-medium wp-image-3450\" src=\"http:\/\/www.messinaoggi.it\/website\/wp-content\/uploads\/2017\/06\/Accetta-Gaetano-300x222.jpg\" alt=\"\" width=\"300\" height=\"222\" \/><p id=\"caption-attachment-3450\" class=\"wp-caption-text\">Gaetano Accetta (Foto Roberto Santoro)<\/p><\/div>\n<p style=\"text-align: justify\">.<div id=\"videoincontent\" style=\"clear:both\";><\/div><\/p>\n","protected":false},"excerpt":{"rendered":"<p>Da tre giorni si sta guardando attorno, a seguito della risoluzione consensuale &#8211; maturata ufficialmente gioved\u00ec scorso &#8211; del rapporto con la Santangiolese, al cui timone ha condotto una brillante stagione calcistica 2016\/17 sia nel girone occidentale di Promozione che in Coppa Italia. Adesso il mister messinese Gaetano Accetta resta in attesa di una chiamata [&hellip;]<\/p>\n","protected":false},"author":9,"featured_media":3450,"comment_status":"closed","ping_status":"open","sticky":false,"template":"","format":"standard","meta":{"ub_ctt_via":"","_mi_skip_tracking":false},"categories":[10,9],"tags":[],"featured_image_src":"https:\/\/www.messinaoggi.it\/website\/wp-content\/uploads\/2017\/06\/Accetta-Gaetano-2.jpg","author_info":{"display_name":"Roberto Santoro","author_link":"https:\/\/www.messinaoggi.it\/website\/author\/r-santoro\/"},"digistream_id":0,"digistream":false,"_links":{"self":[{"href":"https:\/\/www.messinaoggi.it\/website\/wp-json\/wp\/v2\/posts\/3449"}],"collection":[{"href":"https:\/\/www.messinaoggi.it\/website\/wp-json\/wp\/v2\/posts"}],"about":[{"href":"https:\/\/www.messinaoggi.it\/website\/wp-json\/wp\/v2\/types\/post"}],"author":[{"embeddable":true,"href":"https:\/\/www.messinaoggi.it\/website\/wp-json\/wp\/v2\/users\/9"}],"replies":[{"embeddable":true,"href":"https:\/\/www.messinaoggi.it\/website\/wp-json\/wp\/v2\/comments?post=3449"}],"version-history":[{"count":0,"href":"https:\/\/www.messinaoggi.it\/website\/wp-json\/wp\/v2\/posts\/3449\/revisions"}],"wp:featuredmedia":[{"embeddable":true,"href":"https:\/\/www.messinaoggi.it\/website\/wp-json\/wp\/v2\/media\/3450"}],"wp:attachment":[{"href":"https:\/\/www.messinaoggi.it\/website\/wp-json\/wp\/v2\/media?parent=3449"}],"wp:term":[{"taxonomy":"category","embeddable":true,"href":"https:\/\/www.messinaoggi.it\/website\/wp-json\/wp\/v2\/categories?post=3449"},{"taxonomy":"post_tag","embeddable":true,"href":"https:\/\/www.messinaoggi.it\/website\/wp-json\/wp\/v2\/tags?post=3449"}],"curies":[{"name":"wp","href":"https:\/\/api.w.org\/{rel}","templated":true}]}}